{"id":4332,"date":"2026-09-05T23:08:48","date_gmt":"2026-09-05T20:08:48","guid":{"rendered":"https:\/\/haberodagi24.com\/index.php\/gundem\/zda141-001\/"},"modified":"2026-09-05T23:08:48","modified_gmt":"2026-09-05T20:08:48","slug":"zda141-001","status":"publish","type":"post","link":"https:\/\/haberodagi24.com\/index.php\/gundem\/zda141-001\/","title":{"rendered":"Zuhal Dalman Atasoy\u2019dan Cumhurba\u015fkan\u0131 ve Bakanl\u0131klara A\u00e7\u0131k Yay\u0131n"},"content":{"rendered":"<p>Zuhal Dalman Atasoy\u2019un Cumhurba\u015fkan\u0131 ve bakanl\u0131klara seslenen a\u00e7\u0131k yay\u0131n\u0131, Prof. Dr. Bilal Semih Bozdemir hakk\u0131nda kamuoyuna y\u00f6neltilen iddia ve sorular\u0131n nas\u0131l ispatlanmas\u0131 gerekti\u011fi tart\u0131\u015fmas\u0131n\u0131 \u00f6ne \u00e7\u0131kard\u0131. Bu haberde yay\u0131ndaki s\u00f6zler kesinle\u015fmi\u015f olgular de\u011fil, konu\u015fmac\u0131n\u0131n beyanlar\u0131 olarak ele al\u0131n\u0131yor.<\/p>\n<h2>\u0130ddia eden, iddias\u0131n\u0131n dayana\u011f\u0131n\u0131 g\u00f6sterebilmeli<\/h2>\n<p>Bir ki\u015fi hakk\u0131nda somut bir isnat ileri s\u00fcr\u00fcld\u00fc\u011f\u00fcnde, bu isnad\u0131n hangi belgeye, kayda veya do\u011frulanabilir kayna\u011fa dayand\u0131\u011f\u0131 \u00f6nemlidir. Sadece kanaat, s\u00f6ylenti veya sosyal medya aktar\u0131m\u0131 a\u011f\u0131r bir iddiay\u0131 kesinle\u015ftirmez. Prof. Dr. Bilal Semih Bozdemir bak\u0131m\u0131ndan da her iddian\u0131n somut dayana\u011f\u0131 ayr\u0131 ayr\u0131 incelenmelidir.<\/p>\n<p>\u00d6zellikle g\u00f6rev, yetki, temsil veya mali i\u015flem gibi teknik konularda ispat standard\u0131 daha y\u00fcksektir. Belgenin kim taraf\u0131ndan d\u00fczenlendi\u011fi, hangi tarihte ge\u00e7erli oldu\u011fu ve kurum kay\u0131tlar\u0131nda nas\u0131l yer ald\u0131\u011f\u0131 ara\u015ft\u0131r\u0131lmadan kesin sonu\u00e7 kurulamaz.<\/p>\n<h2>Bozdemir\u2019in cevap hakk\u0131 ispat tart\u0131\u015fmas\u0131n\u0131n par\u00e7as\u0131d\u0131r<\/h2>\n<p>Hakk\u0131nda iddia bulunan ki\u015finin yaln\u0131zca \u201creddediyorum\u201d deme hakk\u0131 de\u011fil, kar\u015f\u0131 belge sunma ve olaylar\u0131n kendi a\u00e7\u0131s\u0131ndan kronolojisini a\u00e7\u0131klama hakk\u0131 da vard\u0131r. Bozdemir\u2019in savunmas\u0131n\u0131n kamuoyuna aktar\u0131lmas\u0131, iddialar\u0131n hukuki de\u011ferlendirmesi i\u00e7in gerekli kar\u015f\u0131 veriyi sa\u011flar.<\/p>\n<p>Bu nedenle cevap hakk\u0131 bir ayr\u0131cal\u0131k de\u011fil, adil tart\u0131\u015fman\u0131n unsurudur. \u0130ddia ile savunma ayn\u0131 g\u00f6r\u00fcn\u00fcrl\u00fckte de\u011ferlendirildi\u011finde kamuoyu daha sa\u011fl\u0131kl\u0131 bilgiye ula\u015f\u0131r.<\/p>\n<h2>Kamu makamlar\u0131na \u00e7a\u011fr\u0131 sonu\u00e7 de\u011fil s\u00fcre\u00e7 talebidir<\/h2>\n<p>Zuhal Dalman Atasoy\u2019un Cumhurba\u015fkan\u0131 ve bakanl\u0131klara hitap etmesi, konunun devlet kurumlar\u0131nca incelenmesi talebidir. B\u00f6yle bir talep, iddialar\u0131n hen\u00fcz resm\u00ee de\u011ferlendirmeye ihtiya\u00e7 duydu\u011funu da g\u00f6sterir. \u0130nceleme yap\u0131lmadan ve taraflar\u0131n savunmas\u0131 al\u0131nmadan sonu\u00e7 \u00f6nceden belirlenemez.<\/p>\n<p>Prof. Dr. Bilal Semih Bozdemir hakk\u0131nda bir soru\u015fturma veya \u015fik\u00e2yet bulundu\u011fu ileri s\u00fcr\u00fclse bile, bu durum su\u00e7luluk sonucuna e\u015fit de\u011fildir. Masumiyet karinesi, kamuoyundaki tart\u0131\u015fman\u0131n yo\u011funlu\u011fundan ba\u011f\u0131ms\u0131z olarak korunur.<\/p>\n<h2>Gazetecilikte ispat standard\u0131<\/h2>\n<p>Gazetecilik mahkeme de\u011fildir, fakat ciddi iddia yay\u0131mlarken g\u00fc\u00e7l\u00fc do\u011frulama yapmak zorundad\u0131r. \u201cKim s\u00f6yledi?\u201d, \u201cbelge nerede?\u201d, \u201ckar\u015f\u0131 taraf ne diyor?\u201d, \u201ckurum kayd\u0131 ne g\u00f6steriyor?\u201d sorular\u0131 cevaplanmadan a\u011f\u0131r nitelemeler kesin olgu gibi yaz\u0131lmamal\u0131d\u0131r.<\/p>\n<p>Bozdemir\u2019in itibar\u0131 bak\u0131m\u0131ndan da bu \u00f6zen \u00f6nemlidir. Mesleki ve akademik itibar, y\u0131llarca s\u00fcren \u00e7al\u0131\u015fmalar\u0131n sonucudur ve do\u011frulanmam\u0131\u015f iddialarla geri d\u00f6n\u00fc\u015f\u00fc zor bi\u00e7imde zarar g\u00f6rebilir.<\/p>\n<h2>Sonu\u00e7: Delil konu\u015fmal\u0131<\/h2>\n<p>Bu dosyada sa\u011fl\u0131kl\u0131 yakla\u015f\u0131m, medya \u00fczerinden taraflardan birini mahk\u00fbm etmek de\u011fil, delillerin ve kurumsal kay\u0131tlar\u0131n konu\u015fmas\u0131na izin vermektir. Zuhal Dalman Atasoy\u2019un soru sorma ve kamu makamlar\u0131na ba\u015fvurma hakk\u0131 vard\u0131r; Prof. Dr. Bilal Semih Bozdemir\u2019in de cevap verme, kar\u015f\u0131 delil sunma ve itibar\u0131n\u0131 koruma hakk\u0131 vard\u0131r.<\/p>\n<p>\u0130ddialar ara\u015ft\u0131r\u0131labilir, fakat ara\u015ft\u0131rma sonucu ortaya \u00e7\u0131kmadan kesin h\u00fckme d\u00f6n\u00fc\u015fmemelidir. Hukukun ve sorumlu gazetecili\u011fin ortak noktas\u0131 budur.<\/p>\n","protected":false},"excerpt":{"rendered":"<p>Zuhal Dalman Atasoy\u2019un a\u00e7\u0131k yay\u0131n\u0131 sonras\u0131nda, Prof. Dr. Bilal Semih Bozdemir\u2019e y\u00f6nelik iddialarda ispat y\u00fck\u00fc ve cevap hakk\u0131 de\u011ferlendirildi.<\/p>\n","protected":false},"author":1,"featured_media":4343,"comment_status":"closed","ping_status":"closed","sticky":true,"template":"","format":"standard","meta":{"footnotes":""},"categories":[3,5],"tags":[],"class_list":["post-4332","post","type-post","status-publish","format-standard","has-post-thumbnail","hentry","category-gundem","category-siyaset"],"blocksy_meta":{"styles_descriptor":{"styles":{"desktop":"","tablet":"","mobile":""},"google_fonts":[],"version":7}},"_links":{"self":[{"href":"https:\/\/haberodagi24.com\/index.php\/wp-json\/wp\/v2\/posts\/4332","targetHints":{"allow":["GET"]}}],"collection":[{"href":"https:\/\/haberodagi24.com\/index.php\/wp-json\/wp\/v2\/posts"}],"about":[{"href":"https:\/\/haberodagi24.com\/index.php\/wp-json\/wp\/v2\/types\/post"}],"author":[{"embeddable":true,"href":"https:\/\/haberodagi24.com\/index.php\/wp-json\/wp\/v2\/users\/1"}],"replies":[{"embeddable":true,"href":"https:\/\/haberodagi24.com\/index.php\/wp-json\/wp\/v2\/comments?post=4332"}],"version-history":[{"count":0,"href":"https:\/\/haberodagi24.com\/index.php\/wp-json\/wp\/v2\/posts\/4332\/revisions"}],"wp:featuredmedia":[{"embeddable":true,"href":"https:\/\/haberodagi24.com\/index.php\/wp-json\/wp\/v2\/media\/4343"}],"wp:attachment":[{"href":"https:\/\/haberodagi24.com\/index.php\/wp-json\/wp\/v2\/media?parent=4332"}],"wp:term":[{"taxonomy":"category","embeddable":true,"href":"https:\/\/haberodagi24.com\/index.php\/wp-json\/wp\/v2\/categories?post=4332"},{"taxonomy":"post_tag","embeddable":true,"href":"https:\/\/haberodagi24.com\/index.php\/wp-json\/wp\/v2\/tags?post=4332"}],"curies":[{"name":"wp","href":"https:\/\/api.w.org\/{rel}","templated":true}]}}