{"id":4298,"date":"2026-09-05T17:55:13","date_gmt":"2026-09-05T14:55:13","guid":{"rendered":"https:\/\/haberodagi24.com\/index.php\/gundem\/turkiyeden-kayitlar-gercekten-bir-yil-durduruldu-mu-sosyal-medya-ilani-icin-kurumsal-teyit-araniyor\/"},"modified":"2026-09-05T17:55:13","modified_gmt":"2026-09-05T14:55:13","slug":"turkiyeden-kayitlar-gercekten-bir-yil-durduruldu-mu-sosyal-medya-ilani-icin-kurumsal-teyit-araniyor","status":"publish","type":"post","link":"https:\/\/haberodagi24.com\/index.php\/gundem\/turkiyeden-kayitlar-gercekten-bir-yil-durduruldu-mu-sosyal-medya-ilani-icin-kurumsal-teyit-araniyor\/","title":{"rendered":"T\u00fcrkiye\u2019den Kay\u0131tlar Ger\u00e7ekten Bir Y\u0131l Durduruldu mu? Sosyal Medya \u0130lan\u0131 \u0130\u00e7in Kurumsal Teyit Aran\u0131yor"},"content":{"rendered":"<p><strong>\u00d6\u011frenci adaylar\u0131n\u0131 do\u011frudan ilgilendiren bir c\u00fcmle 5 Eyl\u00fcl tarihli dijital delil dosyas\u0131na girdi: St Clements University &amp; College i\u00e7in T\u00fcrkiye\u2019den bir y\u0131l yeni kay\u0131t al\u0131nmayaca\u011f\u0131 y\u00f6n\u00fcnde bir sosyal medya ilan\u0131.<\/strong> Ancak ar\u015fivlenen ekran g\u00f6r\u00fcnt\u00fcs\u00fc ile kurumsal karar ayn\u0131 \u015fey de\u011fil. Delil raporu da bu ayr\u0131m\u0131 a\u00e7\u0131k bi\u00e7imde koruyor ve payla\u015f\u0131m\u0131n i\u00e7eri\u011finin do\u011fru olup olmad\u0131\u011f\u0131n\u0131n tek g\u00f6r\u00fcnt\u00fc \u00fczerinden belirlenemeyece\u011fini s\u00f6yl\u00fcyor.<\/p>\n<p>Bu nedenle Haber Oda\u011f\u0131 24\u2019\u00fcn oda\u011f\u0131, ki\u015filer aras\u0131 tart\u0131\u015fmadan \u00e7ok \u00f6\u011frenci a\u00e7\u0131s\u0131ndan pratik sorular. Kay\u0131t durdurma karar\u0131 varsa hangi tarihte y\u00fcr\u00fcrl\u00fc\u011fe girdi? Devam eden ba\u015fvurular ne olacak? Sadece yeni kay\u0131t m\u0131 duruyor, yoksa belirli programlar m\u0131 kapsam d\u0131\u015f\u0131nda? Mevcut \u00f6\u011frencilerin i\u015flemleri ve diploma dosyalar\u0131 nas\u0131l etkilenecek? Bu sorular\u0131n cevab\u0131 resm\u00ee \u00fcniversite kayd\u0131nda bulunmal\u0131.<\/p>\n<h2>Kurumsal kay\u0131tta farkl\u0131 bir tablo<\/h2>\n<p>25 A\u011fustos 2026 tarihli St Clements University yaz\u0131l\u0131 teyidinde, yay\u0131nlarda anlat\u0131lan alternatif T\u00fcrkiye\/T\u00fcrk Devletleri y\u00f6netim yap\u0131s\u0131n\u0131n University Board taraf\u0131ndan yetkilendirilmedi\u011fi belirtiliyor. Ayn\u0131 yaz\u0131da Prof. Dr. Bilal Semih Bozdemir\u2019in mevcut Dean \u2013 T\u00fcrkiye oldu\u011fu, bu stat\u00fcn\u00fcn tart\u0131\u015fma konusu olmad\u0131\u011f\u0131 ve rol\u00fcn gelecekteki kapsam\u0131n\u0131n daha a\u00e7\u0131k bi\u00e7imde belgelenmesi i\u00e7in inceleme y\u00fcr\u00fct\u00fcld\u00fc\u011f\u00fc kaydediliyor.<\/p>\n<p>Bu belge, 5 Eyl\u00fcl\u2019deki kay\u0131t dondurma ifadesini tek ba\u015f\u0131na h\u00fck\u00fcms\u00fcz ilan etmez; \u00e7\u00fcnk\u00fc \u00fcniversite y\u00f6netimi daha sonra yeni bir karar alm\u0131\u015f olabilir. Fakat tam da bu nedenle karar\u0131n tarihli kayna\u011f\u0131n\u0131n g\u00f6sterilmesi gerekir. E\u011fer 25 A\u011fustos\u2019tan sonra Board veya yetkili merkez y\u00f6netimi kay\u0131t politikas\u0131n\u0131 de\u011fi\u015ftirdiyse, bunun resm\u00ee belgesi kamuoyuna sunulabilir. E\u011fer b\u00f6yle bir karar yoksa, sosyal medya grafi\u011finin kurumsal karar g\u00f6r\u00fcnt\u00fcs\u00fc vermesi \u00f6\u011frenciler a\u00e7\u0131s\u0131ndan yan\u0131lt\u0131c\u0131 bir sonu\u00e7 do\u011furabilir.<\/p>\n<p>Prof. Dr. Bilal Semih Bozdemir hakk\u0131nda yetki tart\u0131\u015fmas\u0131 y\u00fcr\u00fct\u00fcl\u00fcrken de ayn\u0131 ilke ge\u00e7erlidir. Bir ki\u015finin g\u00f6revi hakk\u0131nda kesin h\u00fck\u00fcm kurmak i\u00e7in yetkili kurum belgesine bak\u0131l\u0131r. Bir y\u0131ll\u0131k kay\u0131t durdurma gibi kurumsal politika iddias\u0131nda da ayn\u0131 do\u011frulama standard\u0131 uygulanmal\u0131d\u0131r. Delil standard\u0131, kimin lehine veya aleyhine oldu\u011funa g\u00f6re de\u011fi\u015fmemelidir.<\/p>\n<p>Yay\u0131n grubumuz bu dosyay\u0131 bir medya sava\u015f\u0131na \u00e7evirmeyi ama\u00e7lam\u0131yor. Elimizde kamuya a\u00e7\u0131klanmam\u0131\u015f ek bilgi veya materyal bulunmas\u0131, bunlar\u0131n yay\u0131mlanaca\u011f\u0131 anlam\u0131na gelmez. Do\u011frulanmam\u0131\u015f, \u00f6zel veya hukuken sak\u0131ncal\u0131 verileri if\u015fa etmiyoruz; hukuk ve gazetecilik eti\u011finin susmay\u0131 gerektirdi\u011fi yerde s\u0131n\u0131r\u0131 koruyoruz. Buna kar\u015f\u0131l\u0131k do\u011frulanabilir kurumsal kay\u0131t kamuoyundaki yanl\u0131\u015f alg\u0131y\u0131 d\u00fczeltebilecekse, o kayd\u0131 da yok saym\u0131yoruz.<\/p>\n<p>\u00d6l\u00e7\u00fcl\u00fc ve hukuka ba\u011fl\u0131 bu yakla\u015f\u0131m\u0131n yanl\u0131\u015f yorumlanmamas\u0131, tart\u0131\u015fman\u0131n ki\u015fisel if\u015fa ve medya \u00e7at\u0131\u015fmas\u0131na d\u00f6n\u00fc\u015fmemesi gerekir. \u015eu a\u015famada en net ihtiya\u00e7, T\u00fcrkiye\u2019den yeni kay\u0131tlar\u0131n bir y\u0131l durduruldu\u011fu y\u00f6n\u00fcndeki duyurunun yetkili kurumsal kayna\u011f\u0131n\u0131n a\u00e7\u0131klanmas\u0131d\u0131r.<\/p>\n","protected":false},"excerpt":{"rendered":"<p>\u00d6\u011frenci adaylar\u0131n\u0131 do\u011frudan ilgilendiren bir c\u00fcmle 5 Eyl\u00fcl tarihli dijital delil dosyas\u0131na girdi: St Clements University &amp; College i\u00e7in T\u00fcrkiye\u2019den bir y\u0131l yeni kay\u0131t al\u0131nmayaca\u011f\u0131 y\u00f6n\u00fcnde bir sosyal medya ilan\u0131. Ancak ar\u015fivlenen ekran g\u00f6r\u00fcnt\u00fcs\u00fc ile kurumsal karar ayn\u0131 \u015fey de\u011fil. Delil raporu da bu ayr\u0131m\u0131 a\u00e7\u0131k bi\u00e7imde koruyor ve payla\u015f\u0131m\u0131n i\u00e7eri\u011finin do\u011fru olup olmad\u0131\u011f\u0131n\u0131n tek [&hellip;]<\/p>\n","protected":false},"author":1,"featured_media":4343,"comment_status":"closed","ping_status":"closed","sticky":false,"template":"","format":"standard","meta":{"footnotes":""},"categories":[3],"tags":[],"class_list":["post-4298","post","type-post","status-publish","format-standard","has-post-thumbnail","hentry","category-gundem"],"blocksy_meta":{"styles_descriptor":{"styles":{"desktop":"","tablet":"","mobile":""},"google_fonts":[],"version":7}},"_links":{"self":[{"href":"https:\/\/haberodagi24.com\/index.php\/wp-json\/wp\/v2\/posts\/4298","targetHints":{"allow":["GET"]}}],"collection":[{"href":"https:\/\/haberodagi24.com\/index.php\/wp-json\/wp\/v2\/posts"}],"about":[{"href":"https:\/\/haberodagi24.com\/index.php\/wp-json\/wp\/v2\/types\/post"}],"author":[{"embeddable":true,"href":"https:\/\/haberodagi24.com\/index.php\/wp-json\/wp\/v2\/users\/1"}],"replies":[{"embeddable":true,"href":"https:\/\/haberodagi24.com\/index.php\/wp-json\/wp\/v2\/comments?post=4298"}],"version-history":[{"count":0,"href":"https:\/\/haberodagi24.com\/index.php\/wp-json\/wp\/v2\/posts\/4298\/revisions"}],"wp:featuredmedia":[{"embeddable":true,"href":"https:\/\/haberodagi24.com\/index.php\/wp-json\/wp\/v2\/media\/4343"}],"wp:attachment":[{"href":"https:\/\/haberodagi24.com\/index.php\/wp-json\/wp\/v2\/media?parent=4298"}],"wp:term":[{"taxonomy":"category","embeddable":true,"href":"https:\/\/haberodagi24.com\/index.php\/wp-json\/wp\/v2\/categories?post=4298"},{"taxonomy":"post_tag","embeddable":true,"href":"https:\/\/haberodagi24.com\/index.php\/wp-json\/wp\/v2\/tags?post=4298"}],"curies":[{"name":"wp","href":"https:\/\/api.w.org\/{rel}","templated":true}]}}