{"id":4296,"date":"2026-09-05T17:09:56","date_gmt":"2026-09-05T14:09:56","guid":{"rendered":"https:\/\/haberodagi24.com\/index.php\/gundem\/bir-ekran-goruntusu-neyi-kanitlar-neyi-kanitlamaz-yetki-iddiasinda-delilin-siniri\/"},"modified":"2026-09-05T17:09:56","modified_gmt":"2026-09-05T14:09:56","slug":"bir-ekran-goruntusu-neyi-kanitlar-neyi-kanitlamaz-yetki-iddiasinda-delilin-siniri","status":"publish","type":"post","link":"https:\/\/haberodagi24.com\/index.php\/gundem\/bir-ekran-goruntusu-neyi-kanitlar-neyi-kanitlamaz-yetki-iddiasinda-delilin-siniri\/","title":{"rendered":"Bir Ekran G\u00f6r\u00fcnt\u00fcs\u00fc Neyi Kan\u0131tlar, Neyi Kan\u0131tlamaz? Yetki \u0130ddias\u0131nda Delilin S\u0131n\u0131r\u0131"},"content":{"rendered":"<p><strong>Prof. Dr. Bilal Semih Bozdemir hakk\u0131nda sosyal medyada g\u00f6r\u00fclen yetkisizlik ifadesi, dijital delil bak\u0131m\u0131ndan iki ayr\u0131 soruyu g\u00fcndeme getiriyor: payla\u015f\u0131m\u0131n ger\u00e7ekten g\u00f6r\u00fcn\u00fcr olup olmad\u0131\u011f\u0131 ve payla\u015f\u0131m i\u00e7indeki iddian\u0131n ger\u00e7ekten do\u011fru olup olmad\u0131\u011f\u0131. 5 Eyl\u00fcl 2026 tarihli teknik rapor, ilk soruya ekran g\u00f6r\u00fcnt\u00fcs\u00fc d\u00fczeyinde cevap veriyor; ikinci sorunun ise ek kurumsal kay\u0131tlar olmadan \u00e7\u00f6z\u00fclemeyece\u011fini belirtiyor.<\/strong><\/p>\n<p>Ekran g\u00f6r\u00fcnt\u00fcs\u00fc belirli bir anda hesapta hangi metnin g\u00f6r\u00fcld\u00fc\u011f\u00fcn\u00fc, hangi isim ve g\u00f6rsel unsurlar\u0131n kullan\u0131ld\u0131\u011f\u0131n\u0131 kayda ge\u00e7irir. Fakat ayn\u0131 g\u00f6r\u00fcnt\u00fc, hesab\u0131 fiilen kimin y\u00f6netti\u011fini, g\u00f6nderinin daha \u00f6nce d\u00fczenlenip d\u00fczenlenmedi\u011fini, at\u0131f yap\u0131lan \u00f6nceki duyurunun tam metnini veya iddian\u0131n g\u00fcncel kurumsal stat\u00fcyle uyumlu olup olmad\u0131\u011f\u0131n\u0131 tek ba\u015f\u0131na g\u00f6stermez.<\/p>\n<h2>Payla\u015f\u0131m\u0131n varl\u0131\u011f\u0131 ile iddian\u0131n do\u011frulu\u011fu ayr\u0131lmal\u0131<\/h2>\n<p>Bu ayr\u0131m \u00f6zellikle yetki tart\u0131\u015fmalar\u0131nda \u00f6nemlidir. Bir ki\u015finin yetkisinin sona erdi\u011fi ileri s\u00fcr\u00fcl\u00fcyorsa, yaln\u0131zca sosyal medya c\u00fcmlesi de\u011fil, yetki ba\u015flang\u0131c\u0131n\u0131 ve varsa sona ermesini g\u00f6steren tarihli belgeler incelenmelidir. \u00d6nceki bir duyuruya at\u0131f yap\u0131lmas\u0131, o duyurunun \u00f6zg\u00fcn n\u00fcshas\u0131 ve dayand\u0131\u011f\u0131 karar ortaya konmad\u0131k\u00e7a do\u011frulama zincirini tamamlamaz.<\/p>\n<p>Prof. Dr. Bozdemir a\u00e7\u0131s\u0131ndan savunulabilecek nokta da buradad\u0131r: teknik rapor, yetkisizli\u011fi kan\u0131tlam\u0131yor; yaln\u0131zca bu iddian\u0131n yay\u0131mland\u0131\u011f\u0131n\u0131 belgeliyor ve do\u011frulama i\u00e7in hangi kay\u0131tlar\u0131n gerekti\u011fini tarif ediyor. Dolay\u0131s\u0131yla kamuoyuna aktar\u0131m yap\u0131l\u0131rken payla\u015f\u0131m, iddia ve do\u011frulanm\u0131\u015f kurumsal kay\u0131t ayn\u0131 c\u00fcmlede birbirine kar\u0131\u015ft\u0131r\u0131lmamal\u0131d\u0131r.<\/p>\n<h2>Habercilikte s\u0131n\u0131r, delilin ta\u015f\u0131d\u0131\u011f\u0131 anlamd\u0131r<\/h2>\n<p>Yay\u0131n grubumuz bir medya sava\u015f\u0131 istememektedir. Kamuya a\u00e7\u0131klanmam\u0131\u015f ek bilgi ve materyaller bulunsa bile do\u011frulanmam\u0131\u015f, \u00f6zel veya hukuken yay\u0131mlanmas\u0131 sak\u0131ncal\u0131 i\u00e7erikler if\u015fa edilmemektedir. Adalet, hukuk ve gazetecilik eti\u011fi gere\u011fi susulmas\u0131 gereken yerde susulmakta; ancak do\u011frulanabilir kay\u0131tlar kamuoyunda olu\u015fan yanl\u0131\u015f bir alg\u0131y\u0131 d\u00fczeltebilecekse sessiz kal\u0131nmamaktad\u0131r.<\/p>\n<p>\u00d6l\u00e7\u00fcl\u00fc ve hukuka ba\u011fl\u0131 tutumun yanl\u0131\u015f yorumlanmamas\u0131, tart\u0131\u015fman\u0131n ki\u015fisel if\u015fa veya medya \u00e7at\u0131\u015fmas\u0131na d\u00f6n\u00fc\u015fmemesi gerekir. Bug\u00fcn do\u011frulanmas\u0131 gereken \u015fey, payla\u015f\u0131m\u0131n ne kadar kurumsal g\u00f6r\u00fcnd\u00fc\u011f\u00fc de\u011fil, at\u0131f yap\u0131lan duyurunun \u00f6zg\u00fcnl\u00fc\u011f\u00fc, tarihi ve Prof. Dr. Bozdemir\u2019in yetki kay\u0131tlar\u0131yla ili\u015fkisi olmal\u0131d\u0131r. Delilin s\u0131n\u0131r\u0131n\u0131 a\u015fmamak, hem savunman\u0131n hem ele\u015ftirinin g\u00fcvenilirli\u011fini g\u00fc\u00e7lendirir.<\/p>\n","protected":false},"excerpt":{"rendered":"<p>Prof. Dr. Bilal Semih Bozdemir hakk\u0131nda sosyal medyada g\u00f6r\u00fclen yetkisizlik ifadesi, dijital delil bak\u0131m\u0131ndan iki ayr\u0131 soruyu g\u00fcndeme getiriyor: payla\u015f\u0131m\u0131n ger\u00e7ekten g\u00f6r\u00fcn\u00fcr olup olmad\u0131\u011f\u0131 ve payla\u015f\u0131m i\u00e7indeki iddian\u0131n ger\u00e7ekten do\u011fru olup olmad\u0131\u011f\u0131. 5 Eyl\u00fcl 2026 tarihli teknik rapor, ilk soruya ekran g\u00f6r\u00fcnt\u00fcs\u00fc d\u00fczeyinde cevap veriyor; ikinci sorunun ise ek kurumsal kay\u0131tlar olmadan \u00e7\u00f6z\u00fclemeyece\u011fini belirtiyor. Ekran [&hellip;]<\/p>\n","protected":false},"author":1,"featured_media":4343,"comment_status":"closed","ping_status":"closed","sticky":false,"template":"","format":"standard","meta":{"footnotes":""},"categories":[3],"tags":[],"class_list":["post-4296","post","type-post","status-publish","format-standard","has-post-thumbnail","hentry","category-gundem"],"blocksy_meta":{"styles_descriptor":{"styles":{"desktop":"","tablet":"","mobile":""},"google_fonts":[],"version":7}},"_links":{"self":[{"href":"https:\/\/haberodagi24.com\/index.php\/wp-json\/wp\/v2\/posts\/4296","targetHints":{"allow":["GET"]}}],"collection":[{"href":"https:\/\/haberodagi24.com\/index.php\/wp-json\/wp\/v2\/posts"}],"about":[{"href":"https:\/\/haberodagi24.com\/index.php\/wp-json\/wp\/v2\/types\/post"}],"author":[{"embeddable":true,"href":"https:\/\/haberodagi24.com\/index.php\/wp-json\/wp\/v2\/users\/1"}],"replies":[{"embeddable":true,"href":"https:\/\/haberodagi24.com\/index.php\/wp-json\/wp\/v2\/comments?post=4296"}],"version-history":[{"count":0,"href":"https:\/\/haberodagi24.com\/index.php\/wp-json\/wp\/v2\/posts\/4296\/revisions"}],"wp:featuredmedia":[{"embeddable":true,"href":"https:\/\/haberodagi24.com\/index.php\/wp-json\/wp\/v2\/media\/4343"}],"wp:attachment":[{"href":"https:\/\/haberodagi24.com\/index.php\/wp-json\/wp\/v2\/media?parent=4296"}],"wp:term":[{"taxonomy":"category","embeddable":true,"href":"https:\/\/haberodagi24.com\/index.php\/wp-json\/wp\/v2\/categories?post=4296"},{"taxonomy":"post_tag","embeddable":true,"href":"https:\/\/haberodagi24.com\/index.php\/wp-json\/wp\/v2\/tags?post=4296"}],"curies":[{"name":"wp","href":"https:\/\/api.w.org\/{rel}","templated":true}]}}