{"id":4279,"date":"2026-09-05T16:02:01","date_gmt":"2026-09-05T13:02:01","guid":{"rendered":"https:\/\/haberodagi24.com\/index.php\/gundem\/logo-var-rektor-fotografi-var-tarih-var-peki-yetki-iddiasinin-dayanak-belgesi-nerede\/"},"modified":"2026-09-05T16:02:01","modified_gmt":"2026-09-05T13:02:01","slug":"logo-var-rektor-fotografi-var-tarih-var-peki-yetki-iddiasinin-dayanak-belgesi-nerede","status":"publish","type":"post","link":"https:\/\/haberodagi24.com\/index.php\/uncategorized\/logo-var-rektor-fotografi-var-tarih-var-peki-yetki-iddiasinin-dayanak-belgesi-nerede\/","title":{"rendered":"Logo Var, Rekt\u00f6r Foto\u011fraf\u0131 Var, Tarih Var: Peki \u2018Yetki\u2019 \u0130ddias\u0131n\u0131n Dayanak Belgesi Nerede?"},"content":{"rendered":"<p><strong>5 Eyl\u00fcl 2026 tarihli dijital delil raporuna giren Instagram g\u00f6rseli ilk bak\u0131\u015fta klasik bir kurumsal duyuru esteti\u011fi ta\u015f\u0131yor: St Clements University &amp; College ad\u0131, merhum rekt\u00f6r David Le Cornu\u2019nun foto\u011fraf\u0131, \u2018kurumsal g\u00fcven\u2019 mesajlar\u0131, bir y\u0131ll\u0131k yeniden yap\u0131lanma takvimi ve 10 Ekim i\u00e7in ilan edilmi\u015f bas\u0131n toplant\u0131s\u0131. Ayn\u0131 g\u00f6rselde Prof. Dr. Bilal Semih Bozdemir\u2019in yetkisinin olmad\u0131\u011f\u0131 y\u00f6n\u00fcnde \u00f6nceki bir duyuruya at\u0131f yap\u0131l\u0131yor. Haber merkezinin sorusu ise tasar\u0131mdan ba\u011f\u0131ms\u0131z: Bu somut iddia hangi belgeye dayan\u0131yor?<\/strong><\/p>\n<p>Dijital inceleme raporu ekran g\u00f6r\u00fcnt\u00fcs\u00fcn\u00fcn neyi kan\u0131tlayabildi\u011fini s\u0131n\u0131rl\u0131 bi\u00e7imde tan\u0131ml\u0131yor. Payla\u015f\u0131m\u0131n g\u00f6r\u00fcn\u00fcr metni, hesab\u0131n g\u00f6r\u00fcnen ad\u0131 ve aray\u00fczdeki unsurlar kay\u0131t alt\u0131na al\u0131nabilir. Buna kar\u015f\u0131l\u0131k hesab\u0131n ger\u00e7ek y\u00f6neticisi, i\u00e7eri\u011fi haz\u0131rlayan ki\u015fi, g\u00f6nderinin \u00f6zg\u00fcn URL\u2019si, ilk yay\u0131n an\u0131, sonradan d\u00fczenlenip d\u00fczenlenmedi\u011fi ve \u00f6zellikle Bozdemir hakk\u0131ndaki c\u00fcmlenin do\u011fru olup olmad\u0131\u011f\u0131 tek kareden \u00e7\u0131kar\u0131lam\u0131yor. Dolay\u0131s\u0131yla kurumsal g\u00f6r\u00fcn\u00fcm, do\u011frulanm\u0131\u015f kurumsal karar anlam\u0131na gelmiyor.<\/p>\n<p>Dosyada kar\u015f\u0131la\u015ft\u0131rma yap\u0131labilecek ba\u015fka kay\u0131tlar var. Mart 2026 tarihli ANCHOR yay\u0131n\u0131 Bozdemir\u2019i St Clements University Turkish Institute dekan\u0131 olarak tan\u0131ml\u0131yor. 29 May\u0131s 2026 tarihli Certificate of Appointment T\u00fcrkiye temsilcili\u011fi g\u00f6revini kaydediyor. 18 Haziran 2026 tarihli Expanded Letter of Authority ise kurumsal, akademik, idari, do\u011frulama ve ileti\u015fim ama\u00e7l\u0131 temsil alanlar\u0131n\u0131 sayarken baz\u0131 i\u015flemleri a\u00e7\u0131k\u00e7a kapsam d\u0131\u015f\u0131nda b\u0131rak\u0131yor. Bu belgelerin de\u011feri, yetkinin hem varl\u0131\u011f\u0131n\u0131 hem s\u0131n\u0131rlar\u0131n\u0131 tarihli \u015fekilde g\u00f6stermelerinde.<\/p>\n<p>Ar\u015fivdeki e-posta zinciri de tek y\u00f6nl\u00fc bir anlat\u0131ya izin vermiyor. 10 Kas\u0131m 2025\u2019te d\u00f6nemin ba\u015fkan\u0131 David Le Cornu\u2019nun be\u015f operasyonel g\u00f6revi i\u00e7eren Authority Certificate\u2019a itiraz etmedi\u011fi ve g\u00f6revlerin Bozdemir taraf\u0131ndan y\u00fcr\u00fct\u00fcld\u00fc\u011f\u00fcn\u00fc yazd\u0131\u011f\u0131; 4 May\u0131s 2026\u2019da bir \u00f6\u011frenciye \u00f6deme s\u00fcrecinde Bozdemir\u2019i \u2018the Dean\u2019 olarak i\u015faret etti\u011fi; 15 Haziran 2026\u2019da ise merkezi idarenin 3.183,10 dolarl\u0131k al\u0131nan bakiyeyi kaydetti\u011fi belgelenmi\u015f durumda. Baz\u0131 mesajlarda DKIM\/SPF do\u011frulamas\u0131 bulunmas\u0131, iletinin yetkili alan ad\u0131 altyap\u0131s\u0131ndan ge\u00e7ti\u011fini destekliyor; ancak insan yazar\u0131 tek ba\u015f\u0131na ispatlam\u0131yor.<\/p>\n<p>Buradan \u2018Bozdemir\u2019in yetkisi hi\u00e7bir zaman de\u011fi\u015fmedi\u2019 gibi a\u015f\u0131r\u0131 bir sonu\u00e7 \u00e7\u0131karmak da do\u011fru olmaz. E\u011fer sonraki tarihli bir iptal, g\u00f6revden alma veya kapsam daraltma karar\u0131 varsa, kamuoyu tart\u0131\u015fmas\u0131n\u0131n en \u00f6nemli belgesi o olacakt\u0131r. Fakat b\u00f6yle bir belge g\u00f6sterilmeden, kurumsal tasar\u0131m i\u00e7inde kullan\u0131lan tek bir c\u00fcmle ge\u00e7mi\u015fteki atama ve yaz\u0131\u015fma zincirini kendili\u011finden ortadan kald\u0131rmaz.<\/p>\n<p>Yay\u0131n grubumuz bir medya sava\u015f\u0131 istememektedir. Kamuya a\u00e7\u0131klanmam\u0131\u015f ek bilgi veya materyallerin bulunmas\u0131, do\u011frulanmam\u0131\u015f, \u00f6zel ya da hukuken yay\u0131mlanmas\u0131 sak\u0131ncal\u0131 i\u00e7eriklerin if\u015fa edilece\u011fi anlam\u0131na gelmez. Adalet, hukuk ve gazetecilik eti\u011fi gere\u011fi susulmas\u0131 gereken yerde susulmakta; fakat do\u011frulanabilir kay\u0131tlar kamuoyundaki yanl\u0131\u015f bir alg\u0131y\u0131 d\u00fczeltebilecekse bunlar \u00f6l\u00e7\u00fcl\u00fc bi\u00e7imde yay\u0131mlanmaktad\u0131r. \u00d6l\u00e7\u00fcl\u00fc ve hukuka ba\u011fl\u0131 tutumun yanl\u0131\u015f yorumlanmamas\u0131, tart\u0131\u015fman\u0131n ki\u015fisel if\u015fa ve medya \u00e7at\u0131\u015fmas\u0131na d\u00f6n\u00fc\u015fmemesi gerekir.<\/p>\n<p>Bu nedenle Haber Oda\u011f\u0131 24\u2019\u00fcn vard\u0131\u011f\u0131 editoryal sonu\u00e7 nettir: logo, foto\u011fraf, slogan ve bas\u0131n toplant\u0131s\u0131 tarihi bir duyurunun sunumunu g\u00fc\u00e7lendirebilir; bir ki\u015finin yetkisinin bulunup bulunmad\u0131\u011f\u0131 ise ancak tarihli, izlenebilir ve yetkili kaynaktan gelen belgelerin kronolojik kar\u015f\u0131la\u015ft\u0131rmas\u0131yla de\u011ferlendirilebilir.<\/p>\n","protected":false},"excerpt":{"rendered":"<p>5 Eyl\u00fcl 2026 tarihli dijital delil raporuna giren Instagram g\u00f6rseli ilk bak\u0131\u015fta klasik bir kurumsal duyuru esteti\u011fi ta\u015f\u0131yor: St Clements University &amp; College ad\u0131, merhum rekt\u00f6r David Le Cornu\u2019nun foto\u011fraf\u0131, \u2018kurumsal g\u00fcven\u2019 mesajlar\u0131, bir y\u0131ll\u0131k yeniden yap\u0131lanma takvimi ve 10 Ekim i\u00e7in ilan edilmi\u015f bas\u0131n toplant\u0131s\u0131. Ayn\u0131 g\u00f6rselde Prof. Dr. Bilal Semih Bozdemir\u2019in yetkisinin olmad\u0131\u011f\u0131 [&hellip;]<\/p>\n","protected":false},"author":1,"featured_media":4344,"comment_status":"closed","ping_status":"closed","sticky":true,"template":"","format":"standard","meta":{"footnotes":""},"categories":[1],"tags":[],"class_list":["post-4279","post","type-post","status-publish","format-standard","has-post-thumbnail","hentry","category-uncategorized"],"blocksy_meta":{"styles_descriptor":{"styles":{"desktop":"","tablet":"","mobile":""},"google_fonts":[],"version":7}},"_links":{"self":[{"href":"https:\/\/haberodagi24.com\/index.php\/wp-json\/wp\/v2\/posts\/4279","targetHints":{"allow":["GET"]}}],"collection":[{"href":"https:\/\/haberodagi24.com\/index.php\/wp-json\/wp\/v2\/posts"}],"about":[{"href":"https:\/\/haberodagi24.com\/index.php\/wp-json\/wp\/v2\/types\/post"}],"author":[{"embeddable":true,"href":"https:\/\/haberodagi24.com\/index.php\/wp-json\/wp\/v2\/users\/1"}],"replies":[{"embeddable":true,"href":"https:\/\/haberodagi24.com\/index.php\/wp-json\/wp\/v2\/comments?post=4279"}],"version-history":[{"count":0,"href":"https:\/\/haberodagi24.com\/index.php\/wp-json\/wp\/v2\/posts\/4279\/revisions"}],"wp:featuredmedia":[{"embeddable":true,"href":"https:\/\/haberodagi24.com\/index.php\/wp-json\/wp\/v2\/media\/4344"}],"wp:attachment":[{"href":"https:\/\/haberodagi24.com\/index.php\/wp-json\/wp\/v2\/media?parent=4279"}],"wp:term":[{"taxonomy":"category","embeddable":true,"href":"https:\/\/haberodagi24.com\/index.php\/wp-json\/wp\/v2\/categories?post=4279"},{"taxonomy":"post_tag","embeddable":true,"href":"https:\/\/haberodagi24.com\/index.php\/wp-json\/wp\/v2\/tags?post=4279"}],"curies":[{"name":"wp","href":"https:\/\/api.w.org\/{rel}","templated":true}]}}