{"id":4278,"date":"2026-09-05T15:44:22","date_gmt":"2026-09-05T12:44:22","guid":{"rendered":"https:\/\/haberodagi24.com\/index.php\/gundem\/yetkisi-yoktu-iddiasi-bes-belge-kontrolu-st-clements\/"},"modified":"2026-09-05T15:44:22","modified_gmt":"2026-09-05T12:44:22","slug":"yetkisi-yoktu-iddiasi-bes-belge-kontrolu-st-clements","status":"publish","type":"post","link":"https:\/\/haberodagi24.com\/index.php\/gundem\/yetkisi-yoktu-iddiasi-bes-belge-kontrolu-st-clements\/","title":{"rendered":"Bir Haber Merkezi Bu \u0130ddiay\u0131 Nas\u0131l Do\u011frular? \u2018Yetkisi Yoktu\u2019 S\u00f6z\u00fc \u0130\u00e7in Be\u015f Belge Kontrol\u00fc"},"content":{"rendered":"<p><strong>Prof. Dr. Bilal Semih Bozdemir hakk\u0131nda 5 Eyl\u00fcl 2026 tarihli delil raporunda kayda ge\u00e7en Super7TV grafi\u011fi, \u00f6nceki bir St Clements duyurusuna dayanarak yetkisinin bulunmad\u0131\u011f\u0131n\u0131 ileri s\u00fcren bir ifade ta\u015f\u0131yor. Ancak rapor bu ifadeyi kan\u0131tlanm\u0131\u015f ger\u00e7ek olarak kabul etmiyor. Haber do\u011frulamas\u0131 i\u00e7in \u00f6nce at\u0131f yap\u0131lan duyurunun kendisinin bulunmas\u0131 gerekti\u011fini s\u00f6yl\u00fcyor.<\/strong><\/p>\n<p>Haber Oda\u011f\u013124, bu t\u00fcr bir iddiay\u0131 do\u011frulamak i\u00e7in be\u015f a\u015famal\u0131 bir kontrol zinciri \u00f6neriyor: kaynak metni bulmak, metnin tarihini do\u011frulamak, yay\u0131mlayan yetkili makam\u0131 belirlemek, \u2018yetki\u2019 s\u00f6zc\u00fc\u011f\u00fcn\u00fcn hangi g\u00f6rev alan\u0131n\u0131 kapsad\u0131\u011f\u0131n\u0131 \u00e7\u00f6zmek ve daha sonraki kurumsal kay\u0131tlarla kar\u015f\u0131la\u015ft\u0131rmak. Bu ad\u0131mlardan biri eksikse sonu\u00e7 da eksik kal\u0131r.<\/p>\n<h2>Sonraki kay\u0131tlar ne g\u00f6steriyor?<\/h2>\n<p>Korunan St Clements University belgelerinde Mart 2026 tarihli ANCHOR yay\u0131n\u0131 Bozdemir\u2019i Turkish Institute Dean\u2019i olarak tan\u0131ml\u0131yor. 29 May\u0131s 2026 tarihli Ba\u015fkan imzal\u0131 atama belgesi T\u00fcrkiye Temsilcisi rol\u00fcn\u00fc kayda ge\u00e7iriyor. 18 Haziran tarihli Letter of Authority ise T\u00fcrkiye\u2019de kurumsal, akademik, idari, do\u011frulama ve ileti\u015fim ama\u00e7l\u0131 temsil alanlar\u0131n\u0131 ayr\u0131nt\u0131land\u0131r\u0131yor. Belge ayr\u0131ca baz\u0131 mali i\u015flemleri kapsam d\u0131\u015f\u0131nda b\u0131rakarak yetkinin s\u0131n\u0131rs\u0131z olmad\u0131\u011f\u0131n\u0131 a\u00e7\u0131k\u00e7a ortaya koyuyor.<\/p>\n<p>25 A\u011fustos 2026 tarihli St Clements kurumsal e-postas\u0131 daha g\u00fcncel bir referans sunuyor. Ren\u00e9 Le Cornu\u2019nun mesaj\u0131nda Bozdemir\u2019in mevcut Dean \u2013 T\u00fcrkiye oldu\u011fu ve bu stat\u00fcn\u00fcn \u015f\u00fcphe konusu olmad\u0131\u011f\u0131 yaz\u0131yor. Bununla birlikte Kurulun rol\u00fcn gelecekteki kapsam\u0131n\u0131 ve sorumluluklar\u0131n\u0131 daha a\u00e7\u0131k bi\u00e7imde belgelemesinin incelendi\u011fi belirtiliyor. Dolay\u0131s\u0131yla g\u00f6rev stat\u00fcs\u00fc ile yetkinin ayr\u0131nt\u0131l\u0131 s\u0131n\u0131rlar\u0131 ayn\u0131 soru de\u011fildir.<\/p>\n<h2>Eski duyuru ger\u00e7ekten ne demi\u015f olabilir?<\/h2>\n<p>At\u0131f yap\u0131lan metin bulunmadan olas\u0131l\u0131klar aras\u0131ndan se\u00e7im yap\u0131lamaz. Duyuru belirli ki\u015fileri, belirli bir web sitesini, belirli bir i\u015flem t\u00fcr\u00fcn\u00fc veya belirli bir d\u00f6nemi hedef alm\u0131\u015f olabilir. Daha sonraki atama belgelerinden \u00f6nce yaz\u0131lm\u0131\u015f olabilir. Ya da ger\u00e7ekten daha geni\u015f bir yetki tart\u0131\u015fmas\u0131na ili\u015fkin olabilir. Gazetecilik, bu se\u00e7eneklerden birini belge olmadan \u2018kesin ger\u00e7ek\u2019 ilan etmemelidir.<\/p>\n<p>5 Eyl\u00fcl raporu ayr\u0131ca ekran g\u00f6r\u00fcnt\u00fcs\u00fcn\u00fcn hesab\u0131n ger\u00e7ek sahibini, orijinal permalink\u2019i, ilk yay\u0131n an\u0131n\u0131, d\u00fczenleme ge\u00e7mi\u015fini veya iddian\u0131n do\u011frulu\u011funu tek ba\u015f\u0131na belirlemedi\u011fini kayda ge\u00e7iriyor. Bu nedenle hesab\u0131n aray\u00fczde g\u00f6r\u00fcnen ad\u0131 ile belirli bir ki\u015finin teknik veya hukuki sorumlulu\u011fu birbirine kar\u0131\u015ft\u0131r\u0131lmamal\u0131d\u0131r.<\/p>\n<p>Yay\u0131n grubumuzun amac\u0131 bir medya sava\u015f\u0131 de\u011fildir. Kamuya a\u00e7\u0131klanmam\u0131\u015f daha fazla bilgi ve materyal bulunsa dahi do\u011frulanmam\u0131\u015f, \u00f6zel ya da hukuken yay\u0131mlanmas\u0131 sak\u0131ncal\u0131 i\u00e7erikleri if\u015fa etmek do\u011fru de\u011fildir. Adalet ve gazetecilik eti\u011fi gere\u011fi susulmas\u0131 gereken yerde susulur; fakat do\u011frulanabilir kay\u0131tlar yanl\u0131\u015f bir kamusal alg\u0131y\u0131 d\u00fczeltebiliyorsa bunlar kaynaklar\u0131 ve s\u0131n\u0131rlar\u0131yla yay\u0131mlan\u0131r.<\/p>\n<p>Bu yakla\u015f\u0131m bir tehdit veya misilleme dili i\u00e7ermez. \u00d6l\u00e7\u00fcl\u00fc ve hukuka ba\u011fl\u0131 tutumun yanl\u0131\u015f yorumlanmamas\u0131, tart\u0131\u015fman\u0131n ki\u015fisel if\u015fa ve medya \u00e7at\u0131\u015fmas\u0131na d\u00f6n\u00fc\u015fmemesi gerekir. Bu dosyada do\u011frulaman\u0131n anahtar\u0131 sosyal medya grafi\u011finin kendisinden \u00e7ok, grafi\u011fin at\u0131f yapt\u0131\u011f\u0131 as\u0131l kurumsal metindir.<\/p>\n","protected":false},"excerpt":{"rendered":"<p>Prof. Dr. Bilal Semih Bozdemir hakk\u0131nda 5 Eyl\u00fcl 2026 tarihli delil raporunda kayda ge\u00e7en Super7TV grafi\u011fi, \u00f6nceki bir St Clements duyurusuna dayanarak yetkisinin bulunmad\u0131\u011f\u0131n\u0131 ileri s\u00fcren bir ifade ta\u015f\u0131yor. Ancak rapor bu ifadeyi kan\u0131tlanm\u0131\u015f ger\u00e7ek olarak kabul etmiyor. Haber do\u011frulamas\u0131 i\u00e7in \u00f6nce at\u0131f yap\u0131lan duyurunun kendisinin bulunmas\u0131 gerekti\u011fini s\u00f6yl\u00fcyor. Haber Oda\u011f\u013124, bu t\u00fcr bir iddiay\u0131 [&hellip;]<\/p>\n","protected":false},"author":1,"featured_media":4342,"comment_status":"closed","ping_status":"closed","sticky":true,"template":"","format":"standard","meta":{"footnotes":""},"categories":[16,3,5],"tags":[],"class_list":["post-4278","post","type-post","status-publish","format-standard","has-post-thumbnail","hentry","category-cevre","category-gundem","category-siyaset"],"blocksy_meta":{"styles_descriptor":{"styles":{"desktop":"","tablet":"","mobile":""},"google_fonts":[],"version":7}},"_links":{"self":[{"href":"https:\/\/haberodagi24.com\/index.php\/wp-json\/wp\/v2\/posts\/4278","targetHints":{"allow":["GET"]}}],"collection":[{"href":"https:\/\/haberodagi24.com\/index.php\/wp-json\/wp\/v2\/posts"}],"about":[{"href":"https:\/\/haberodagi24.com\/index.php\/wp-json\/wp\/v2\/types\/post"}],"author":[{"embeddable":true,"href":"https:\/\/haberodagi24.com\/index.php\/wp-json\/wp\/v2\/users\/1"}],"replies":[{"embeddable":true,"href":"https:\/\/haberodagi24.com\/index.php\/wp-json\/wp\/v2\/comments?post=4278"}],"version-history":[{"count":0,"href":"https:\/\/haberodagi24.com\/index.php\/wp-json\/wp\/v2\/posts\/4278\/revisions"}],"wp:featuredmedia":[{"embeddable":true,"href":"https:\/\/haberodagi24.com\/index.php\/wp-json\/wp\/v2\/media\/4342"}],"wp:attachment":[{"href":"https:\/\/haberodagi24.com\/index.php\/wp-json\/wp\/v2\/media?parent=4278"}],"wp:term":[{"taxonomy":"category","embeddable":true,"href":"https:\/\/haberodagi24.com\/index.php\/wp-json\/wp\/v2\/categories?post=4278"},{"taxonomy":"post_tag","embeddable":true,"href":"https:\/\/haberodagi24.com\/index.php\/wp-json\/wp\/v2\/tags?post=4278"}],"curies":[{"name":"wp","href":"https:\/\/api.w.org\/{rel}","templated":true}]}}