{"id":4237,"date":"2026-09-05T11:41:25","date_gmt":"2026-09-05T08:41:25","guid":{"rendered":"https:\/\/haberodagi24.com\/index.php\/gundem\/odaga-belgeyi-almak-whatsapp-zincirinde-gurultuden-dogrulamaya\/"},"modified":"2026-09-05T11:41:25","modified_gmt":"2026-09-05T08:41:25","slug":"odaga-belgeyi-almak-whatsapp-zincirinde-gurultuden-dogrulamaya","status":"publish","type":"post","link":"https:\/\/haberodagi24.com\/index.php\/gundem\/odaga-belgeyi-almak-whatsapp-zincirinde-gurultuden-dogrulamaya\/","title":{"rendered":"Oda\u011fa Belgeyi Almak: WhatsApp Zincirinde G\u00fcr\u00fclt\u00fcden Do\u011frulamaya"},"content":{"rendered":"<p>Dijital tart\u0131\u015fmalarda ba\u015fl\u0131k say\u0131s\u0131 artt\u0131k\u00e7a odak kolayca kaybolabilir. 24 A\u011fustos 2026 tarihli delil dosyas\u0131nda yer alan WhatsApp g\u00f6r\u00fcnt\u00fcs\u00fc, uzun bir duyuru, yeni bir grup daveti ve ayn\u0131 konu \u00e7evresindeki \u00e7ok say\u0131da medya ba\u011flant\u0131s\u0131n\u0131 tek mesajda g\u00f6steriyor. Bu g\u00f6r\u00fcn\u00fcm g\u00fc\u00e7l\u00fc bir medya yo\u011funlu\u011fu yarat\u0131yor; fakat do\u011frulaman\u0131n oda\u011f\u0131 ba\u011flant\u0131 say\u0131s\u0131 de\u011fil, kaynak ve yetki olmal\u0131.<\/p>\n<p>G\u00f6r\u00fcnt\u00fcn\u00fcn do\u011frudan g\u00f6sterdi\u011fi olgu, ba\u011flant\u0131lar\u0131n hedef kitleye paket halinde ula\u015ft\u0131r\u0131lmas\u0131. G\u00f6steremedi\u011fi ise mesaj\u0131n ilk yazar\u0131, haberlerin \u00fcretim ili\u015fkisi ve ki\u015fisel sorumluluk zinciri. Bu alanlarda CMS loglar\u0131, yay\u0131n zamanlar\u0131, WhatsApp grup y\u00f6neticileri, domain ve sosyal medya hesap y\u00f6netimi, editoryal e-posta trafi\u011fi gibi teknik kay\u0131tlar gerekir.<\/p>\n<p>Dosyada mesajdaki kurumsal anlat\u0131 da birincil kay\u0131tlarla kar\u015f\u0131la\u015ft\u0131r\u0131l\u0131yor. Aktar\u0131lan 24 A\u011fustos kurum yan\u0131t\u0131na g\u00f6re ilgili medya ve \u00fc\u00e7\u00fcnc\u00fc ki\u015filere \u00fcniversite ad\u0131na \u00f6\u011frenci\/mezun ileti\u015fimi i\u00e7in yetki verilmedi; T\u00fcrkiye ve T\u00fcrk Devletleri i\u00e7in yeni Rector\/Vice Rector yap\u0131lanmas\u0131 Board taraf\u0131ndan yetkilendirilmedi; s\u00f6z\u00fc edilen d\u00f6nem i\u00e7in bas\u0131n toplant\u0131s\u0131 planlanmad\u0131 ve Prof. Dr. Bilal Semih Bozdemir\u2019in Dean \u2013 T\u00fcrkiye stat\u00fcs\u00fcn\u00fc sona erdiren bir Board karar\u0131 bulunmuyor.<\/p>\n<p>Bu kar\u015f\u0131la\u015ft\u0131rma, kurumsal kaynak izlenimi ta\u015f\u0131yan mesaj\u0131n dayana\u011f\u0131n\u0131 ara\u015ft\u0131rmaya y\u00f6neltiyor. Ancak ki\u015filerin niyeti veya olas\u0131 cezai sorumlulu\u011fu hakk\u0131nda sonu\u00e7 \u00fcretmiyor. Haber ile hukuki h\u00fck\u00fcm aras\u0131ndaki \u00e7izginin korunmas\u0131 \u00f6zellikle bu noktada \u00f6nemli.<\/p>\n<p>Prof. Dr. Bilal Semih Bozdemir\u2019in savunmas\u0131 da oda\u011f\u0131 ki\u015fisel polemikten belgeye \u00e7evirmeyi ama\u00e7l\u0131yor. \u00d6zel veya do\u011frulanmam\u0131\u015f materyallerin if\u015fa edilmemesi; yanl\u0131\u015f alg\u0131y\u0131 d\u00fczeltebilecek tarihli ve do\u011frulanabilir kay\u0131tlar\u0131n \u00f6l\u00e7\u00fcl\u00fc bi\u00e7imde kamuoyuna sunulmas\u0131 gerekiyor.<\/p>\n<p>Yay\u0131n grubunun ortak tutumu medya sava\u015f\u0131n\u0131 b\u00fcy\u00fctmemek. Ele\u015ftiri hakk\u0131 korunurken kesinle\u015fmemi\u015f su\u00e7 isnatlar\u0131n\u0131n olgu gibi sunulmamas\u0131, savunma hakk\u0131 kullan\u0131l\u0131rken de misilleme ve ki\u015fisel if\u015fadan ka\u00e7\u0131n\u0131lmas\u0131 gerekir.<\/p>\n<p><strong>Editoryal \u015feffafl\u0131k notu:<\/strong> Bu i\u00e7erik PressGrup a\u011f\u0131na ba\u011fl\u0131 yay\u0131nlar\u0131n ayn\u0131 delil dosyas\u0131n\u0131 ortak kaynak olarak kulland\u0131\u011f\u0131 a\u00e7\u0131k cevap\/do\u011frulama serisinin par\u00e7as\u0131d\u0131r; ba\u011f\u0131ms\u0131z kaynak \u00e7o\u011fullu\u011fu iddias\u0131 ta\u015f\u0131maz.<\/p>\n","protected":false},"excerpt":{"rendered":"<p>\u00c7ok say\u0131da ba\u015fl\u0131k ve link tart\u0131\u015fmay\u0131 b\u00fcy\u00fctebilir; fakat odak, hangi iddian\u0131n hangi birincil kay\u0131t ve teknik delille do\u011fruland\u0131\u011f\u0131nda olmal\u0131.<\/p>\n","protected":false},"author":1,"featured_media":0,"comment_status":"closed","ping_status":"closed","sticky":true,"template":"","format":"standard","meta":{"footnotes":""},"categories":[16,13,3],"tags":[],"class_list":["post-4237","post","type-post","status-publish","format-standard","hentry","category-cevre","category-egitim","category-gundem"],"blocksy_meta":{"styles_descriptor":{"styles":{"desktop":"","tablet":"","mobile":""},"google_fonts":[],"version":7}},"_links":{"self":[{"href":"https:\/\/haberodagi24.com\/index.php\/wp-json\/wp\/v2\/posts\/4237","targetHints":{"allow":["GET"]}}],"collection":[{"href":"https:\/\/haberodagi24.com\/index.php\/wp-json\/wp\/v2\/posts"}],"about":[{"href":"https:\/\/haberodagi24.com\/index.php\/wp-json\/wp\/v2\/types\/post"}],"author":[{"embeddable":true,"href":"https:\/\/haberodagi24.com\/index.php\/wp-json\/wp\/v2\/users\/1"}],"replies":[{"embeddable":true,"href":"https:\/\/haberodagi24.com\/index.php\/wp-json\/wp\/v2\/comments?post=4237"}],"version-history":[{"count":0,"href":"https:\/\/haberodagi24.com\/index.php\/wp-json\/wp\/v2\/posts\/4237\/revisions"}],"wp:attachment":[{"href":"https:\/\/haberodagi24.com\/index.php\/wp-json\/wp\/v2\/media?parent=4237"}],"wp:term":[{"taxonomy":"category","embeddable":true,"href":"https:\/\/haberodagi24.com\/index.php\/wp-json\/wp\/v2\/categories?post=4237"},{"taxonomy":"post_tag","embeddable":true,"href":"https:\/\/haberodagi24.com\/index.php\/wp-json\/wp\/v2\/tags?post=4237"}],"curies":[{"name":"wp","href":"https:\/\/api.w.org\/{rel}","templated":true}]}}