{"id":4154,"date":"2026-09-05T00:02:55","date_gmt":"2026-09-04T21:02:55","guid":{"rendered":"https:\/\/haberodagi24.com\/index.php\/turkiye\/canakkalenin-eceabat-ilcesinin-yargi-cevresi-gelibolu-adliyesine-baglandi\/"},"modified":"2026-09-05T00:02:55","modified_gmt":"2026-09-04T21:02:55","slug":"canakkalenin-eceabat-ilcesinin-yargi-cevresi-gelibolu-adliyesine-baglandi","status":"publish","type":"post","link":"https:\/\/haberodagi24.com\/index.php\/turkiye\/canakkalenin-eceabat-ilcesinin-yargi-cevresi-gelibolu-adliyesine-baglandi\/","title":{"rendered":"\u00c7anakkale&#039;nin Eceabat il\u00e7esinin yarg\u0131 \u00e7evresi Gelibolu Adliyesine ba\u011fland\u0131"},"content":{"rendered":"<p>Adalet Bakan\u0131 Ak\u0131n G\u00fcrlek, \u00c7anakkale&#039;nin Eceabat il\u00e7esinin yarg\u0131 \u00e7evresinin \u00c7anakkale Adliyesinden \u00e7\u0131kar\u0131larak Gelibolu Adliyesine ba\u011fland\u0131\u011f\u0131n\u0131 bildirdi.<\/p>\n<p><strong>Kaynak:<\/strong> TRT Haber \u2014 <a href=\"https:\/\/www.trthaber.com\/haber\/turkiye\/canakkalenin-eceabat-ilcesinin-yargi-cevresi-gelibolu-adliyesine-baglandi-955937.html\" target=\"_blank\" rel=\"nofollow noopener\">Haberin devam\u0131n\u0131 \u00f6zg\u00fcn kayna\u011f\u0131nda oku<\/a><\/p>\n","protected":false},"excerpt":{"rendered":"<p>Adalet Bakan\u0131 Ak\u0131n G\u00fcrlek, \u00c7anakkale&#8217;nin Eceabat il\u00e7esinin yarg\u0131 \u00e7evresinin \u00c7anakkale Adliyesinden \u00e7\u0131kar\u0131larak Gelibolu Adliyesine ba\u011fland\u0131\u011f\u0131n\u0131 bildirdi.<\/p>\n","protected":false},"author":0,"featured_media":4155,"comment_status":"closed","ping_status":"closed","sticky":false,"template":"","format":"standard","meta":{"footnotes":""},"categories":[16,4],"tags":[],"class_list":["post-4154","post","type-post","status-publish","format-standard","has-post-thumbnail","hentry","category-cevre","category-turkiye"],"blocksy_meta":{"styles_descriptor":{"styles":{"desktop":"","tablet":"","mobile":""},"google_fonts":[],"version":7}},"_links":{"self":[{"href":"https:\/\/haberodagi24.com\/index.php\/wp-json\/wp\/v2\/posts\/4154","targetHints":{"allow":["GET"]}}],"collection":[{"href":"https:\/\/haberodagi24.com\/index.php\/wp-json\/wp\/v2\/posts"}],"about":[{"href":"https:\/\/haberodagi24.com\/index.php\/wp-json\/wp\/v2\/types\/post"}],"replies":[{"embeddable":true,"href":"https:\/\/haberodagi24.com\/index.php\/wp-json\/wp\/v2\/comments?post=4154"}],"version-history":[{"count":0,"href":"https:\/\/haberodagi24.com\/index.php\/wp-json\/wp\/v2\/posts\/4154\/revisions"}],"wp:featuredmedia":[{"embeddable":true,"href":"https:\/\/haberodagi24.com\/index.php\/wp-json\/wp\/v2\/media\/4155"}],"wp:attachment":[{"href":"https:\/\/haberodagi24.com\/index.php\/wp-json\/wp\/v2\/media?parent=4154"}],"wp:term":[{"taxonomy":"category","embeddable":true,"href":"https:\/\/haberodagi24.com\/index.php\/wp-json\/wp\/v2\/categories?post=4154"},{"taxonomy":"post_tag","embeddable":true,"href":"https:\/\/haberodagi24.com\/index.php\/wp-json\/wp\/v2\/tags?post=4154"}],"curies":[{"name":"wp","href":"https:\/\/api.w.org\/{rel}","templated":true}]}}