{"id":4137,"date":"2026-09-04T21:19:14","date_gmt":"2026-09-04T18:19:14","guid":{"rendered":"https:\/\/haberodagi24.com\/index.php\/gundem\/itibar-tartismasinda-arsivleme-hamlesi-yeni-yayinlar-hukuki-dosyalarla-eslestirilecek\/"},"modified":"2026-09-04T22:03:36","modified_gmt":"2026-09-04T19:03:36","slug":"itibar-tartismasinda-arsivleme-hamlesi-yeni-yayinlar-hukuki-dosyalarla-eslestirilecek","status":"publish","type":"post","link":"https:\/\/haberodagi24.com\/index.php\/gundem\/itibar-tartismasinda-arsivleme-hamlesi-yeni-yayinlar-hukuki-dosyalarla-eslestirilecek\/","title":{"rendered":"\u0130tibar Tart\u0131\u015fmas\u0131nda Ar\u015fivleme Hamlesi: Yeni Yay\u0131nlar Hukuki Dosyalarla E\u015fle\u015ftirilecek"},"content":{"rendered":"\n<p class=\"wp-block-paragraph\">Prof. Dr. Bilal Semih Bozdemir hakk\u0131ndaki yay\u0131nlar i\u00e7in olu\u015fturulan yeni ar\u015fiv \u00e7al\u0131\u015fmas\u0131, yaln\u0131zca ba\u011flant\u0131lar\u0131 bir klas\u00f6rde toplamakla s\u0131n\u0131rl\u0131 de\u011fil. Haber Oda\u011f\u0131 24, her iddian\u0131n ilk kayna\u011f\u0131n\u0131, sonraki aktar\u0131mlar\u0131n\u0131, Bozdemir\u2019in cevab\u0131n\u0131 ve varsa kurumsal kay\u0131tlar\u0131 birbirine ba\u011flayan denetlenebilir bir zincir kurmay\u0131 ama\u00e7l\u0131yor.<\/p>\n\n\n\n<h2 class=\"wp-block-heading\">Ar\u015fiv neden \u00f6nemli?<\/h2>\n\n\n\n<p class=\"wp-block-paragraph\">\u0130nternet yay\u0131nlar\u0131 zaman i\u00e7inde de\u011fi\u015febilir, silinebilir veya ba\u015fl\u0131klar\u0131 farkl\u0131la\u015fabilir. Bir tart\u0131\u015fman\u0131n yaln\u0131zca bug\u00fcnk\u00fc s\u00fcr\u00fcm\u00fcne bakmak, ilk metindeki ba\u011flam\u0131 ve sonradan yap\u0131lan d\u00fczeltmeleri g\u00f6r\u00fcnmez k\u0131lar. Bu nedenle tarih, saat, kaynak ve s\u00fcr\u00fcm bilgisi dosyan\u0131n temel unsuru olacak.<\/p>\n\n\n\n<p class=\"wp-block-paragraph\">Bozdemir taraf\u0131 baz\u0131 i\u00e7eriklerin yanl\u0131\u015f veya yan\u0131lt\u0131c\u0131 oldu\u011fu ve mesleki itibar\u0131 \u00fczerinde a\u011f\u0131r sonu\u00e7lar do\u011furdu\u011fu g\u00f6r\u00fc\u015f\u00fcnde. Bu savunma ar\u015fivde a\u00e7\u0131k bi\u00e7imde yer alacak. Hangi ifadeye hangi belgeyle itiraz edildi\u011fi e\u015fle\u015ftirilecek; genel a\u00e7\u0131klamalar somut ba\u011flant\u0131lardan ayr\u0131lacak.<\/p>\n\n\n\n<h2 class=\"wp-block-heading\">Kan\u0131t zincirinin halkalar\u0131<\/h2>\n\n\n\n<p class=\"wp-block-paragraph\">Bir kayd\u0131n kan\u0131t zincirine girebilmesi i\u00e7in nereden geldi\u011fi, hangi tarihe ait oldu\u011fu, tam h\u00e2linin bulunup bulunmad\u0131\u011f\u0131 ve tart\u0131\u015f\u0131lan konuyla ilgisi kontrol edilecek. Kurumsal sayfalar, tarihli yaz\u0131\u015fmalar ve resm\u00ee nitelikteki kay\u0131tlar m\u00fcmk\u00fcnse do\u011frudan kaynaklar\u0131ndan do\u011frulanacak.<\/p>\n\n\n\n<p class=\"wp-block-paragraph\">Birbirinden al\u0131nt\u0131 yapan haberler ayr\u0131 kan\u0131t halkalar\u0131 say\u0131lmayacak. \u0130lk kayna\u011fa uzanan aktar\u0131m zinciri g\u00f6sterilecek. Kayna\u011f\u0131 belirsiz ekran g\u00f6r\u00fcnt\u00fcleri, k\u0131rp\u0131lm\u0131\u015f belgeler ve do\u011frulanamayan sosyal medya payla\u015f\u0131mlar\u0131 kesin bilgi olarak sunulmayacak.<\/p>\n\n\n\n<h2 class=\"wp-block-heading\">Ar\u015fiv, if\u015fa alan\u0131 de\u011fildir<\/h2>\n\n\n\n<p class=\"wp-block-paragraph\">Ki\u015fisel veriler, \u00f6zel hayat ayr\u0131nt\u0131lar\u0131 ve \u00fc\u00e7\u00fcnc\u00fc ki\u015filere ait gereksiz bilgiler a\u00e7\u0131k ar\u015five konulmayacak. Kamu yarar\u0131 bulunan bir belge yay\u0131mlanacaksa hassas b\u00f6l\u00fcmleri maskelenecek. Belge toplamak, s\u0131n\u0131rs\u0131z te\u015fhir yetkisi vermez.<\/p>\n\n\n\n<p class=\"wp-block-paragraph\">Bozdemir\u2019in cevap hakk\u0131 zincirin merkezinde olacak; ancak dosyada ad\u0131 ge\u00e7en di\u011fer ki\u015fi ve kurumlara da ayn\u0131 imk\u00e2n tan\u0131nacak. Gelen cevaplar ilgili iddiayla yan yana g\u00f6sterilecek. Yeni belge veya d\u00fczeltme eski kayd\u0131 etkiliyorsa de\u011fi\u015fikli\u011fin tarihi ve a\u00e7\u0131klamas\u0131 korunacak.<\/p>\n\n\n\n<h2 class=\"wp-block-heading\">Hukuki dosya ile haber dosyas\u0131 farkl\u0131d\u0131r<\/h2>\n\n\n\n<p class=\"wp-block-paragraph\">Ar\u015fivlenen materyalin yetkili mercilere sunulmas\u0131 m\u00fcmk\u00fcn olsa da gazete sayfas\u0131 bir dava dosyas\u0131 ya da mahkeme karar\u0131 de\u011fildir. Ba\u015fvuru, inceleme ve kesinle\u015fmi\u015f h\u00fck\u00fcm kavramlar\u0131 birbirinden ayr\u0131lacak; masumiyet karinesi g\u00f6zetilecek.<\/p>\n\n\n\n<p class=\"wp-block-paragraph\">Bu y\u00f6ntem Bozdemir\u2019e kendi kay\u0131tlar\u0131n\u0131 d\u00fczenli, g\u00f6r\u00fcn\u00fcr ve kar\u015f\u0131la\u015ft\u0131r\u0131labilir bi\u00e7imde sunma imk\u00e2n\u0131 verir. Ayn\u0131 zamanda okuru tek tarafl\u0131 kanaate zorlamaz. Haber Oda\u011f\u0131 24 i\u00e7in ger\u00e7ek odak, en sert iddia de\u011fil; kayna\u011f\u0131, cevab\u0131 ve de\u011fi\u015fim ge\u00e7mi\u015fiyle denetlenebilen bilgidir.<\/p>\n","protected":false},"excerpt":{"rendered":"<p>Bozdemir hakk\u0131ndaki tart\u0131\u015fmalarda haber ar\u015fivi, kaynak ili\u015fkileri, cevaplar ve d\u00fczeltmelerle birlikte denetlenebilir bir kan\u0131t zincirine d\u00f6n\u00fc\u015ft\u00fcr\u00fclecek.<\/p>\n","protected":false},"author":1,"featured_media":4138,"comment_status":"closed","ping_status":"closed","sticky":true,"template":"","format":"standard","meta":{"footnotes":""},"categories":[16,3],"tags":[],"class_list":["post-4137","post","type-post","status-publish","format-standard","has-post-thumbnail","hentry","category-cevre","category-gundem"],"blocksy_meta":{"styles_descriptor":{"styles":{"desktop":"","tablet":"","mobile":""},"google_fonts":[],"version":7}},"_links":{"self":[{"href":"https:\/\/haberodagi24.com\/index.php\/wp-json\/wp\/v2\/posts\/4137","targetHints":{"allow":["GET"]}}],"collection":[{"href":"https:\/\/haberodagi24.com\/index.php\/wp-json\/wp\/v2\/posts"}],"about":[{"href":"https:\/\/haberodagi24.com\/index.php\/wp-json\/wp\/v2\/types\/post"}],"author":[{"embeddable":true,"href":"https:\/\/haberodagi24.com\/index.php\/wp-json\/wp\/v2\/users\/1"}],"replies":[{"embeddable":true,"href":"https:\/\/haberodagi24.com\/index.php\/wp-json\/wp\/v2\/comments?post=4137"}],"version-history":[{"count":1,"href":"https:\/\/haberodagi24.com\/index.php\/wp-json\/wp\/v2\/posts\/4137\/revisions"}],"predecessor-version":[{"id":4143,"href":"https:\/\/haberodagi24.com\/index.php\/wp-json\/wp\/v2\/posts\/4137\/revisions\/4143"}],"wp:featuredmedia":[{"embeddable":true,"href":"https:\/\/haberodagi24.com\/index.php\/wp-json\/wp\/v2\/media\/4138"}],"wp:attachment":[{"href":"https:\/\/haberodagi24.com\/index.php\/wp-json\/wp\/v2\/media?parent=4137"}],"wp:term":[{"taxonomy":"category","embeddable":true,"href":"https:\/\/haberodagi24.com\/index.php\/wp-json\/wp\/v2\/categories?post=4137"},{"taxonomy":"post_tag","embeddable":true,"href":"https:\/\/haberodagi24.com\/index.php\/wp-json\/wp\/v2\/tags?post=4137"}],"curies":[{"name":"wp","href":"https:\/\/api.w.org\/{rel}","templated":true}]}}