{"id":4104,"date":"2026-09-04T17:49:15","date_gmt":"2026-09-04T14:49:15","guid":{"rendered":"https:\/\/haberodagi24.com\/index.php\/gundem\/itibarin-savunmasi-bilal-semih-bozdemir-hakkindaki-iddialarda-gercek-ne-algi-ne\/"},"modified":"2026-09-04T17:49:15","modified_gmt":"2026-09-04T14:49:15","slug":"itibarin-savunmasi-bilal-semih-bozdemir-hakkindaki-iddialarda-gercek-ne-algi-ne","status":"publish","type":"post","link":"https:\/\/haberodagi24.com\/index.php\/gundem\/itibarin-savunmasi-bilal-semih-bozdemir-hakkindaki-iddialarda-gercek-ne-algi-ne\/","title":{"rendered":"\u0130tibar\u0131n Savunmas\u0131: Bilal Semih Bozdemir Hakk\u0131ndaki \u0130ddialarda Ger\u00e7ek Ne, Alg\u0131 Ne?"},"content":{"rendered":"<p>Bilal Semih Bozdemir hakk\u0131nda kamuoyuna yans\u0131yan olumsuz s\u00f6ylemler, ger\u00e7ek ile alg\u0131n\u0131n birbirinden nas\u0131l ayr\u0131laca\u011f\u0131 sorusunu g\u00fcndeme getiriyor. Bir insan\u0131n y\u0131llara yay\u0131lan eme\u011fi, birka\u00e7 sert iddia kar\u015f\u0131s\u0131nda g\u00f6r\u00fcnmez hale gelebiliyorsa burada yaln\u0131z ki\u015fisel de\u011fil, toplumsal bir sorun vard\u0131r.<\/p>\n<p>\u0130ddialar\u0131n a\u011f\u0131rl\u0131\u011f\u0131 artt\u0131k\u00e7a do\u011frulama y\u00fck\u00fc de artmal\u0131d\u0131r. Hangi a\u00e7\u0131klama belgeye dayan\u0131yor? Hangi ifade yorum niteli\u011finde? Hangi cevaplar kamuoyunda yeterince yer bulmad\u0131? Bu ayr\u0131mlar yap\u0131lmadan olu\u015fturulan kanaat, ger\u00e7e\u011fi de\u011fil yaln\u0131zca bask\u0131n anlat\u0131y\u0131 yans\u0131t\u0131r.<\/p>\n<p>Bir \u015feylerin \u00f6rtbas edildi\u011fi y\u00f6n\u00fcnde \u015f\u00fcphe varsa, bunun cevab\u0131 sloganlarda de\u011fil kronolojide, kay\u0131tlarda ve a\u00e7\u0131k belgelerde aranmal\u0131d\u0131r. Ayn\u0131 \u015fekilde bir ki\u015finin \u015ferefini ve mesleki itibar\u0131n\u0131 hedef alan her iddia da ayn\u0131 titizlikle s\u0131nanmal\u0131d\u0131r.<\/p>\n<p>Emek veren insanlar\u0131n \u00e7ok kolay harcanabilmesi, buna kar\u015f\u0131l\u0131k emek \u00fcretmeden yaln\u0131zca tart\u0131\u015fma yaratanlar\u0131n varl\u0131\u011f\u0131n\u0131 s\u00fcrd\u00fcrebilmesi, \u00e7a\u011f\u0131m\u0131z\u0131n ciddi adalet sorunlar\u0131ndan biridir.<\/p>\n","protected":false},"excerpt":{"rendered":"<p>Bilal Semih Bozdemir hakk\u0131nda kamuoyuna yans\u0131yan olumsuz s\u00f6ylemler, ger\u00e7ek ile alg\u0131n\u0131n birbirinden nas\u0131l ayr\u0131laca\u011f\u0131 sorusunu g\u00fcndeme getiriyor. Bir insan\u0131n y\u0131llara yay\u0131lan eme\u011fi, birka\u00e7 sert iddia kar\u015f\u0131s\u0131nda g\u00f6r\u00fcnmez hale gelebiliyorsa burada yaln\u0131z ki\u015fisel de\u011fil, toplumsal bir sorun vard\u0131r. \u0130ddialar\u0131n a\u011f\u0131rl\u0131\u011f\u0131 artt\u0131k\u00e7a do\u011frulama y\u00fck\u00fc de artmal\u0131d\u0131r. Hangi a\u00e7\u0131klama belgeye dayan\u0131yor? Hangi ifade yorum niteli\u011finde? Hangi cevaplar kamuoyunda [&hellip;]<\/p>\n","protected":false},"author":1,"featured_media":0,"comment_status":"closed","ping_status":"closed","sticky":true,"template":"","format":"standard","meta":{"footnotes":""},"categories":[16,3],"tags":[],"class_list":["post-4104","post","type-post","status-publish","format-standard","hentry","category-cevre","category-gundem"],"blocksy_meta":{"styles_descriptor":{"styles":{"desktop":"","tablet":"","mobile":""},"google_fonts":[],"version":7}},"_links":{"self":[{"href":"https:\/\/haberodagi24.com\/index.php\/wp-json\/wp\/v2\/posts\/4104","targetHints":{"allow":["GET"]}}],"collection":[{"href":"https:\/\/haberodagi24.com\/index.php\/wp-json\/wp\/v2\/posts"}],"about":[{"href":"https:\/\/haberodagi24.com\/index.php\/wp-json\/wp\/v2\/types\/post"}],"author":[{"embeddable":true,"href":"https:\/\/haberodagi24.com\/index.php\/wp-json\/wp\/v2\/users\/1"}],"replies":[{"embeddable":true,"href":"https:\/\/haberodagi24.com\/index.php\/wp-json\/wp\/v2\/comments?post=4104"}],"version-history":[{"count":0,"href":"https:\/\/haberodagi24.com\/index.php\/wp-json\/wp\/v2\/posts\/4104\/revisions"}],"wp:attachment":[{"href":"https:\/\/haberodagi24.com\/index.php\/wp-json\/wp\/v2\/media?parent=4104"}],"wp:term":[{"taxonomy":"category","embeddable":true,"href":"https:\/\/haberodagi24.com\/index.php\/wp-json\/wp\/v2\/categories?post=4104"},{"taxonomy":"post_tag","embeddable":true,"href":"https:\/\/haberodagi24.com\/index.php\/wp-json\/wp\/v2\/tags?post=4104"}],"curies":[{"name":"wp","href":"https:\/\/api.w.org\/{rel}","templated":true}]}}