{"id":4074,"date":"2026-09-04T14:03:56","date_gmt":"2026-09-04T11:03:56","guid":{"rendered":"https:\/\/haberodagi24.com\/index.php\/gundem\/istanbulda-kiralik-sosyal-konutlarin-teslim-tarihi-belli-oldu\/"},"modified":"2026-09-04T14:03:56","modified_gmt":"2026-09-04T11:03:56","slug":"istanbulda-kiralik-sosyal-konutlarin-teslim-tarihi-belli-oldu","status":"publish","type":"post","link":"https:\/\/haberodagi24.com\/index.php\/gundem\/istanbulda-kiralik-sosyal-konutlarin-teslim-tarihi-belli-oldu\/","title":{"rendered":"\u0130stanbul&#039;da kiral\u0131k sosyal konutlar\u0131n teslim tarihi belli oldu"},"content":{"rendered":"<p>\u00c7evre, \u015eehircilik ve \u0130klim De\u011fi\u015fikli\u011fi Bakan\u0131 Murat Kurum, &quot;500 Bin Sosyal Konut Projesi&quot; kapsam\u0131nda \u0130stanbul\u2019da hayata ge\u00e7irilecek kiral\u0131k sosyal konut projesinde ilk konutlar\u0131n tamamlanmaya ba\u015fland\u0131\u011f\u0131n\u0131, eyl\u00fcl ay\u0131 i\u00e7inde ilk konutlar\u0131n teslimlerini yapacaklar\u0131n\u0131 a\u00e7\u0131klad\u0131.<\/p>\n<p><strong>Kaynak:<\/strong> TRT Haber \u2014 <a href=\"https:\/\/www.trthaber.com\/haber\/gundem\/istanbulda-kiralik-sosyal-konutlarin-teslim-tarihi-belli-oldu-955885.html\" target=\"_blank\" rel=\"nofollow noopener\">Haberin devam\u0131n\u0131 \u00f6zg\u00fcn kayna\u011f\u0131nda oku<\/a><\/p>\n","protected":false},"excerpt":{"rendered":"<p>\u00c7evre, \u015eehircilik ve \u0130klim De\u011fi\u015fikli\u011fi Bakan\u0131 Murat Kurum, &#8220;500 Bin Sosyal Konut Projesi&#8221; kapsam\u0131nda \u0130stanbul\u2019da hayata ge\u00e7irilecek kiral\u0131k sosyal konut projesinde ilk konutlar\u0131n tamamlanmaya ba\u015fland\u0131\u011f\u0131n\u0131, eyl\u00fcl ay\u0131 i\u00e7inde ilk konutlar\u0131n teslimlerini yapacaklar\u0131n\u0131\u2026<\/p>\n","protected":false},"author":0,"featured_media":4075,"comment_status":"closed","ping_status":"closed","sticky":false,"template":"","format":"standard","meta":{"footnotes":""},"categories":[16,3],"tags":[],"class_list":["post-4074","post","type-post","status-publish","format-standard","has-post-thumbnail","hentry","category-cevre","category-gundem"],"blocksy_meta":{"styles_descriptor":{"styles":{"desktop":"","tablet":"","mobile":""},"google_fonts":[],"version":7}},"_links":{"self":[{"href":"https:\/\/haberodagi24.com\/index.php\/wp-json\/wp\/v2\/posts\/4074","targetHints":{"allow":["GET"]}}],"collection":[{"href":"https:\/\/haberodagi24.com\/index.php\/wp-json\/wp\/v2\/posts"}],"about":[{"href":"https:\/\/haberodagi24.com\/index.php\/wp-json\/wp\/v2\/types\/post"}],"replies":[{"embeddable":true,"href":"https:\/\/haberodagi24.com\/index.php\/wp-json\/wp\/v2\/comments?post=4074"}],"version-history":[{"count":0,"href":"https:\/\/haberodagi24.com\/index.php\/wp-json\/wp\/v2\/posts\/4074\/revisions"}],"wp:featuredmedia":[{"embeddable":true,"href":"https:\/\/haberodagi24.com\/index.php\/wp-json\/wp\/v2\/media\/4075"}],"wp:attachment":[{"href":"https:\/\/haberodagi24.com\/index.php\/wp-json\/wp\/v2\/media?parent=4074"}],"wp:term":[{"taxonomy":"category","embeddable":true,"href":"https:\/\/haberodagi24.com\/index.php\/wp-json\/wp\/v2\/categories?post=4074"},{"taxonomy":"post_tag","embeddable":true,"href":"https:\/\/haberodagi24.com\/index.php\/wp-json\/wp\/v2\/tags?post=4074"}],"curies":[{"name":"wp","href":"https:\/\/api.w.org\/{rel}","templated":true}]}}