{"id":4058,"date":"2026-09-04T12:03:02","date_gmt":"2026-09-04T09:03:02","guid":{"rendered":"https:\/\/haberodagi24.com\/index.php\/dunya\/bmye-gore-israilin-bati-seriadaki-ilhakini-pekistirme-politikasi-uluslararasi-hukuka-aykiri\/"},"modified":"2026-09-04T12:03:02","modified_gmt":"2026-09-04T09:03:02","slug":"bmye-gore-israilin-bati-seriadaki-ilhakini-pekistirme-politikasi-uluslararasi-hukuka-aykiri","status":"publish","type":"post","link":"https:\/\/haberodagi24.com\/index.php\/dunya\/bmye-gore-israilin-bati-seriadaki-ilhakini-pekistirme-politikasi-uluslararasi-hukuka-aykiri\/","title":{"rendered":"BM&#039;ye g\u00f6re \u0130srail&#039;in Bat\u0131 \u015eeria&#039;daki ilhak\u0131n\u0131 peki\u015ftirme politikas\u0131 uluslararas\u0131 hukuka ayk\u0131r\u0131"},"content":{"rendered":"<p>Birle\u015fmi\u015f Milletler (BM) \u0130nsan Haklar\u0131 Y\u00fcksek Komiserli\u011fi S\u00f6zc\u00fcs\u00fc Thameen Al-Kheetan, \u0130srail&#039;in Do\u011fu Kud\u00fcs dahil i\u015fgal alt\u0131ndaki Bat\u0131 \u015eeria&#039;n\u0131n ilhak\u0131n\u0131 peki\u015ftirme politikas\u0131n\u0131n kal\u0131c\u0131 olmas\u0131 konusunda endi\u015felerinin oldu\u011funu bildirerek, bu durumun uluslararas\u0131 hukuka ve temel insan haklar\u0131na ayk\u0131r\u0131 oldu\u011funu kaydetti.<\/p>\n<p><strong>Kaynak:<\/strong> TRT Haber \u2014 <a href=\"https:\/\/www.trthaber.com\/haber\/dunya\/bmye-gore-israilin-bati-seriadaki-ilhakini-pekistirme-politikasi-uluslararasi-hukuka-aykiri-955873.html\" target=\"_blank\" rel=\"nofollow noopener\">Haberin devam\u0131n\u0131 \u00f6zg\u00fcn kayna\u011f\u0131nda oku<\/a><\/p>\n","protected":false},"excerpt":{"rendered":"<p>Birle\u015fmi\u015f Milletler (BM) \u0130nsan Haklar\u0131 Y\u00fcksek Komiserli\u011fi S\u00f6zc\u00fcs\u00fc Thameen Al-Kheetan, \u0130srail&#8217;in Do\u011fu Kud\u00fcs dahil i\u015fgal alt\u0131ndaki Bat\u0131 \u015eeria&#8217;n\u0131n ilhak\u0131n\u0131 peki\u015ftirme politikas\u0131n\u0131n kal\u0131c\u0131 olmas\u0131 konusunda endi\u015felerinin oldu\u011funu bildirerek, bu durumun uluslararas\u0131 hukuka ve\u2026<\/p>\n","protected":false},"author":0,"featured_media":4059,"comment_status":"closed","ping_status":"closed","sticky":false,"template":"","format":"standard","meta":{"footnotes":""},"categories":[8],"tags":[],"class_list":["post-4058","post","type-post","status-publish","format-standard","has-post-thumbnail","hentry","category-dunya"],"blocksy_meta":{"styles_descriptor":{"styles":{"desktop":"","tablet":"","mobile":""},"google_fonts":[],"version":7}},"_links":{"self":[{"href":"https:\/\/haberodagi24.com\/index.php\/wp-json\/wp\/v2\/posts\/4058","targetHints":{"allow":["GET"]}}],"collection":[{"href":"https:\/\/haberodagi24.com\/index.php\/wp-json\/wp\/v2\/posts"}],"about":[{"href":"https:\/\/haberodagi24.com\/index.php\/wp-json\/wp\/v2\/types\/post"}],"replies":[{"embeddable":true,"href":"https:\/\/haberodagi24.com\/index.php\/wp-json\/wp\/v2\/comments?post=4058"}],"version-history":[{"count":0,"href":"https:\/\/haberodagi24.com\/index.php\/wp-json\/wp\/v2\/posts\/4058\/revisions"}],"wp:featuredmedia":[{"embeddable":true,"href":"https:\/\/haberodagi24.com\/index.php\/wp-json\/wp\/v2\/media\/4059"}],"wp:attachment":[{"href":"https:\/\/haberodagi24.com\/index.php\/wp-json\/wp\/v2\/media?parent=4058"}],"wp:term":[{"taxonomy":"category","embeddable":true,"href":"https:\/\/haberodagi24.com\/index.php\/wp-json\/wp\/v2\/categories?post=4058"},{"taxonomy":"post_tag","embeddable":true,"href":"https:\/\/haberodagi24.com\/index.php\/wp-json\/wp\/v2\/tags?post=4058"}],"curies":[{"name":"wp","href":"https:\/\/api.w.org\/{rel}","templated":true}]}}