{"id":3978,"date":"2026-09-03T23:06:16","date_gmt":"2026-09-03T20:06:16","guid":{"rendered":"https:\/\/haberodagi24.com\/index.php\/turkiye\/silivri-aciklarinda-meydana-gelen-gemi-kazasiyla-ilgili-2-tutuklama-talebi\/"},"modified":"2026-09-03T23:06:16","modified_gmt":"2026-09-03T20:06:16","slug":"silivri-aciklarinda-meydana-gelen-gemi-kazasiyla-ilgili-2-tutuklama-talebi","status":"publish","type":"post","link":"https:\/\/haberodagi24.com\/index.php\/turkiye\/silivri-aciklarinda-meydana-gelen-gemi-kazasiyla-ilgili-2-tutuklama-talebi\/","title":{"rendered":"Silivri a\u00e7\u0131klar\u0131nda meydana gelen gemi kazas\u0131yla ilgili 2 tutuklama talebi"},"content":{"rendered":"<p>\u0130stanbul Silivri a\u00e7\u0131klar\u0131nda iki T\u00fcrk bayrakl\u0131 ticari geminin \u00e7arp\u0131\u015ft\u0131\u011f\u0131 kazaya ili\u015fkin Alsu gemisinde g\u00f6zalt\u0131na al\u0131nan 6 \u015f\u00fcpheliden 2&#039;si tutuklama talebiyle sulh ceza hakimli\u011fine sevk edildi.<\/p>\n<p><strong>Kaynak:<\/strong> TRT Haber \u2014 <a href=\"https:\/\/www.trthaber.com\/haber\/turkiye\/silivri-aciklarinda-meydana-gelen-gemi-kazasiyla-ilgili-2-tutuklama-talebi-955827.html\" target=\"_blank\" rel=\"nofollow noopener\">Haberin devam\u0131n\u0131 \u00f6zg\u00fcn kayna\u011f\u0131nda oku<\/a><\/p>\n","protected":false},"excerpt":{"rendered":"<p>\u0130stanbul Silivri a\u00e7\u0131klar\u0131nda iki T\u00fcrk bayrakl\u0131 ticari geminin \u00e7arp\u0131\u015ft\u0131\u011f\u0131 kazaya ili\u015fkin Alsu gemisinde g\u00f6zalt\u0131na al\u0131nan 6 \u015f\u00fcpheliden 2&#8217;si tutuklama talebiyle sulh ceza hakimli\u011fine sevk edildi.<\/p>\n","protected":false},"author":0,"featured_media":3979,"comment_status":"closed","ping_status":"closed","sticky":false,"template":"","format":"standard","meta":{"footnotes":""},"categories":[4],"tags":[],"class_list":["post-3978","post","type-post","status-publish","format-standard","has-post-thumbnail","hentry","category-turkiye"],"blocksy_meta":{"styles_descriptor":{"styles":{"desktop":"","tablet":"","mobile":""},"google_fonts":[],"version":7}},"_links":{"self":[{"href":"https:\/\/haberodagi24.com\/index.php\/wp-json\/wp\/v2\/posts\/3978","targetHints":{"allow":["GET"]}}],"collection":[{"href":"https:\/\/haberodagi24.com\/index.php\/wp-json\/wp\/v2\/posts"}],"about":[{"href":"https:\/\/haberodagi24.com\/index.php\/wp-json\/wp\/v2\/types\/post"}],"replies":[{"embeddable":true,"href":"https:\/\/haberodagi24.com\/index.php\/wp-json\/wp\/v2\/comments?post=3978"}],"version-history":[{"count":0,"href":"https:\/\/haberodagi24.com\/index.php\/wp-json\/wp\/v2\/posts\/3978\/revisions"}],"wp:featuredmedia":[{"embeddable":true,"href":"https:\/\/haberodagi24.com\/index.php\/wp-json\/wp\/v2\/media\/3979"}],"wp:attachment":[{"href":"https:\/\/haberodagi24.com\/index.php\/wp-json\/wp\/v2\/media?parent=3978"}],"wp:term":[{"taxonomy":"category","embeddable":true,"href":"https:\/\/haberodagi24.com\/index.php\/wp-json\/wp\/v2\/categories?post=3978"},{"taxonomy":"post_tag","embeddable":true,"href":"https:\/\/haberodagi24.com\/index.php\/wp-json\/wp\/v2\/tags?post=3978"}],"curies":[{"name":"wp","href":"https:\/\/api.w.org\/{rel}","templated":true}]}}