{"id":3780,"date":"2026-09-02T19:04:03","date_gmt":"2026-09-02T16:04:03","guid":{"rendered":"https:\/\/haberodagi24.com\/index.php\/gundem\/uskudar-belediyesinde-baskan-vekili-secimi-5-eylulde\/"},"modified":"2026-09-02T19:04:03","modified_gmt":"2026-09-02T16:04:03","slug":"uskudar-belediyesinde-baskan-vekili-secimi-5-eylulde","status":"publish","type":"post","link":"https:\/\/haberodagi24.com\/index.php\/gundem\/uskudar-belediyesinde-baskan-vekili-secimi-5-eylulde\/","title":{"rendered":"\u00dcsk\u00fcdar Belediyesi&#039;nde ba\u015fkan vekili se\u00e7imi 5 Eyl\u00fcl&#039;de"},"content":{"rendered":"<p>\u00dcsk\u00fcdar Belediye Meclisinde ba\u015fkan vekili se\u00e7imi yeniden yap\u0131lacak. \u0130stanbul B\u00f6lge \u0130dare Mahkemesi,, se\u00e7ime ili\u015fkin y\u00fcr\u00fctmeyi durdurma karar\u0131na yap\u0131lan itiraz\u0131 reddetti. Belediye Meclisi, yeni ba\u015fkan vekilini se\u00e7mek \u00fczere 5 Eyl\u00fcl\u2019de toplanacak.<\/p>\n<p><strong>Kaynak:<\/strong> TRT Haber \u2014 <a href=\"https:\/\/www.trthaber.com\/haber\/gundem\/uskudar-belediyesinde-baskan-vekili-secimi-5-eylulde-955700.html\" target=\"_blank\" rel=\"nofollow noopener\">Haberin devam\u0131n\u0131 \u00f6zg\u00fcn kayna\u011f\u0131nda oku<\/a><\/p>\n","protected":false},"excerpt":{"rendered":"<p>\u00dcsk\u00fcdar Belediye Meclisinde ba\u015fkan vekili se\u00e7imi yeniden yap\u0131lacak. \u0130stanbul B\u00f6lge \u0130dare Mahkemesi,, se\u00e7ime ili\u015fkin y\u00fcr\u00fctmeyi durdurma karar\u0131na yap\u0131lan itiraz\u0131 reddetti. Belediye Meclisi, yeni ba\u015fkan vekilini se\u00e7mek \u00fczere 5 Eyl\u00fcl\u2019de toplanacak.<\/p>\n","protected":false},"author":0,"featured_media":3781,"comment_status":"closed","ping_status":"closed","sticky":false,"template":"","format":"standard","meta":{"footnotes":""},"categories":[3,5],"tags":[],"class_list":["post-3780","post","type-post","status-publish","format-standard","has-post-thumbnail","hentry","category-gundem","category-siyaset"],"blocksy_meta":{"styles_descriptor":{"styles":{"desktop":"","tablet":"","mobile":""},"google_fonts":[],"version":7}},"_links":{"self":[{"href":"https:\/\/haberodagi24.com\/index.php\/wp-json\/wp\/v2\/posts\/3780","targetHints":{"allow":["GET"]}}],"collection":[{"href":"https:\/\/haberodagi24.com\/index.php\/wp-json\/wp\/v2\/posts"}],"about":[{"href":"https:\/\/haberodagi24.com\/index.php\/wp-json\/wp\/v2\/types\/post"}],"replies":[{"embeddable":true,"href":"https:\/\/haberodagi24.com\/index.php\/wp-json\/wp\/v2\/comments?post=3780"}],"version-history":[{"count":0,"href":"https:\/\/haberodagi24.com\/index.php\/wp-json\/wp\/v2\/posts\/3780\/revisions"}],"wp:featuredmedia":[{"embeddable":true,"href":"https:\/\/haberodagi24.com\/index.php\/wp-json\/wp\/v2\/media\/3781"}],"wp:attachment":[{"href":"https:\/\/haberodagi24.com\/index.php\/wp-json\/wp\/v2\/media?parent=3780"}],"wp:term":[{"taxonomy":"category","embeddable":true,"href":"https:\/\/haberodagi24.com\/index.php\/wp-json\/wp\/v2\/categories?post=3780"},{"taxonomy":"post_tag","embeddable":true,"href":"https:\/\/haberodagi24.com\/index.php\/wp-json\/wp\/v2\/tags?post=3780"}],"curies":[{"name":"wp","href":"https:\/\/api.w.org\/{rel}","templated":true}]}}