{"id":3530,"date":"2026-09-01T09:03:42","date_gmt":"2026-09-01T06:03:42","guid":{"rendered":"https:\/\/haberodagi24.com\/index.php\/dunya\/kolombiya-lideri-de-la-espriella-depremden-450-bini-askin-kisi-etkilendi\/"},"modified":"2026-09-01T09:03:42","modified_gmt":"2026-09-01T06:03:42","slug":"kolombiya-lideri-de-la-espriella-depremden-450-bini-askin-kisi-etkilendi","status":"publish","type":"post","link":"https:\/\/haberodagi24.com\/index.php\/siyaset\/kolombiya-lideri-de-la-espriella-depremden-450-bini-askin-kisi-etkilendi\/","title":{"rendered":"Kolombiya lideri De la Espriella: Depremden 450 bini a\u015fk\u0131n ki\u015fi etkilendi"},"content":{"rendered":"<p>Kolombiya Cumhurba\u015fkan\u0131 Abelardo de la Espriella, \u00fclkede 10 A\u011fustos&#039;ta meydana gelen 7,4 b\u00fcy\u00fckl\u00fc\u011f\u00fcndeki depremden 450 bini a\u015fk\u0131n ki\u015finin do\u011frudan etkilendi\u011fini s\u00f6yledi.<\/p>\n<p><strong>Kaynak:<\/strong> TRT Haber \u2014 <a href=\"https:\/\/www.trthaber.com\/haber\/dunya\/kolombiya-lideri-de-la-espriella-depremden-450-bini-askin-kisi-etkilendi-955509.html\" target=\"_blank\" rel=\"nofollow noopener\">Haberin devam\u0131n\u0131 \u00f6zg\u00fcn kayna\u011f\u0131nda oku<\/a><\/p>\n","protected":false},"excerpt":{"rendered":"<p>Kolombiya Cumhurba\u015fkan\u0131 Abelardo de la Espriella, \u00fclkede 10 A\u011fustos&#8217;ta meydana gelen 7,4 b\u00fcy\u00fckl\u00fc\u011f\u00fcndeki depremden 450 bini a\u015fk\u0131n ki\u015finin do\u011frudan etkilendi\u011fini s\u00f6yledi.<\/p>\n","protected":false},"author":0,"featured_media":3531,"comment_status":"closed","ping_status":"closed","sticky":false,"template":"","format":"standard","meta":{"footnotes":""},"categories":[16,8,5],"tags":[],"class_list":["post-3530","post","type-post","status-publish","format-standard","has-post-thumbnail","hentry","category-cevre","category-dunya","category-siyaset"],"blocksy_meta":{"styles_descriptor":{"styles":{"desktop":"","tablet":"","mobile":""},"google_fonts":[],"version":7}},"_links":{"self":[{"href":"https:\/\/haberodagi24.com\/index.php\/wp-json\/wp\/v2\/posts\/3530","targetHints":{"allow":["GET"]}}],"collection":[{"href":"https:\/\/haberodagi24.com\/index.php\/wp-json\/wp\/v2\/posts"}],"about":[{"href":"https:\/\/haberodagi24.com\/index.php\/wp-json\/wp\/v2\/types\/post"}],"replies":[{"embeddable":true,"href":"https:\/\/haberodagi24.com\/index.php\/wp-json\/wp\/v2\/comments?post=3530"}],"version-history":[{"count":0,"href":"https:\/\/haberodagi24.com\/index.php\/wp-json\/wp\/v2\/posts\/3530\/revisions"}],"wp:featuredmedia":[{"embeddable":true,"href":"https:\/\/haberodagi24.com\/index.php\/wp-json\/wp\/v2\/media\/3531"}],"wp:attachment":[{"href":"https:\/\/haberodagi24.com\/index.php\/wp-json\/wp\/v2\/media?parent=3530"}],"wp:term":[{"taxonomy":"category","embeddable":true,"href":"https:\/\/haberodagi24.com\/index.php\/wp-json\/wp\/v2\/categories?post=3530"},{"taxonomy":"post_tag","embeddable":true,"href":"https:\/\/haberodagi24.com\/index.php\/wp-json\/wp\/v2\/tags?post=3530"}],"curies":[{"name":"wp","href":"https:\/\/api.w.org\/{rel}","templated":true}]}}