{"id":3378,"date":"2026-08-31T09:04:15","date_gmt":"2026-08-31T06:04:15","guid":{"rendered":"https:\/\/haberodagi24.com\/index.php\/dunya\/cezayirde-orman-yanginlarini-cikaranlara-idam-cezasi-geliyor\/"},"modified":"2026-08-31T09:04:15","modified_gmt":"2026-08-31T06:04:15","slug":"cezayirde-orman-yanginlarini-cikaranlara-idam-cezasi-geliyor","status":"publish","type":"post","link":"https:\/\/haberodagi24.com\/index.php\/siyaset\/cezayirde-orman-yanginlarini-cikaranlara-idam-cezasi-geliyor\/","title":{"rendered":"Cezayir&#039;de orman yang\u0131nlar\u0131n\u0131 \u00e7\u0131karanlara idam cezas\u0131 geliyor"},"content":{"rendered":"<p>Cezayir Cumhurba\u015fkan\u0131 Abd\u00fclmecid Tebbun, \u00fclkede son d\u00f6nemde ya\u015fanan ve 12 ki\u015finin hayat\u0131n\u0131 kaybetmesine yol a\u00e7an orman yang\u0131nlar\u0131n\u0131n ard\u0131ndan, yang\u0131nlar\u0131 kasten \u00e7\u0131karanlara idam cezas\u0131 verilmesini \u00f6ng\u00f6ren yasal d\u00fczenleme yap\u0131lmas\u0131 talimat\u0131n\u0131 verdi.<\/p>\n<p><strong>Kaynak:<\/strong> TRT Haber \u2014 <a href=\"https:\/\/www.trthaber.com\/haber\/dunya\/cezayirde-orman-yanginlarini-cikaranlara-idam-cezasi-geliyor-955409.html\" target=\"_blank\" rel=\"nofollow noopener\">Haberin devam\u0131n\u0131 \u00f6zg\u00fcn kayna\u011f\u0131nda oku<\/a><\/p>\n","protected":false},"excerpt":{"rendered":"<p>Cezayir Cumhurba\u015fkan\u0131 Abd\u00fclmecid Tebbun, \u00fclkede son d\u00f6nemde ya\u015fanan ve 12 ki\u015finin hayat\u0131n\u0131 kaybetmesine yol a\u00e7an orman yang\u0131nlar\u0131n\u0131n ard\u0131ndan, yang\u0131nlar\u0131 kasten \u00e7\u0131karanlara idam cezas\u0131 verilmesini \u00f6ng\u00f6ren yasal d\u00fczenleme yap\u0131lmas\u0131 talimat\u0131n\u0131 verdi.<\/p>\n","protected":false},"author":0,"featured_media":3379,"comment_status":"closed","ping_status":"closed","sticky":false,"template":"","format":"standard","meta":{"footnotes":""},"categories":[16,8,5],"tags":[],"class_list":["post-3378","post","type-post","status-publish","format-standard","has-post-thumbnail","hentry","category-cevre","category-dunya","category-siyaset"],"blocksy_meta":{"styles_descriptor":{"styles":{"desktop":"","tablet":"","mobile":""},"google_fonts":[],"version":7}},"_links":{"self":[{"href":"https:\/\/haberodagi24.com\/index.php\/wp-json\/wp\/v2\/posts\/3378","targetHints":{"allow":["GET"]}}],"collection":[{"href":"https:\/\/haberodagi24.com\/index.php\/wp-json\/wp\/v2\/posts"}],"about":[{"href":"https:\/\/haberodagi24.com\/index.php\/wp-json\/wp\/v2\/types\/post"}],"replies":[{"embeddable":true,"href":"https:\/\/haberodagi24.com\/index.php\/wp-json\/wp\/v2\/comments?post=3378"}],"version-history":[{"count":0,"href":"https:\/\/haberodagi24.com\/index.php\/wp-json\/wp\/v2\/posts\/3378\/revisions"}],"wp:featuredmedia":[{"embeddable":true,"href":"https:\/\/haberodagi24.com\/index.php\/wp-json\/wp\/v2\/media\/3379"}],"wp:attachment":[{"href":"https:\/\/haberodagi24.com\/index.php\/wp-json\/wp\/v2\/media?parent=3378"}],"wp:term":[{"taxonomy":"category","embeddable":true,"href":"https:\/\/haberodagi24.com\/index.php\/wp-json\/wp\/v2\/categories?post=3378"},{"taxonomy":"post_tag","embeddable":true,"href":"https:\/\/haberodagi24.com\/index.php\/wp-json\/wp\/v2\/tags?post=3378"}],"curies":[{"name":"wp","href":"https:\/\/api.w.org\/{rel}","templated":true}]}}